{"id":1017,"date":"2025-09-21T17:45:16","date_gmt":"2025-09-21T21:45:16","guid":{"rendered":"https:\/\/elviajero.com.do\/?p=1017"},"modified":"2025-09-21T17:45:23","modified_gmt":"2025-09-21T21:45:23","slug":"ministerio-de-defensa-bloquea-intento-de-ciberataque-masivo-contra-portales-institucionales","status":"publish","type":"post","link":"https:\/\/elviajero.com.do\/index.php\/2025\/09\/21\/ministerio-de-defensa-bloquea-intento-de-ciberataque-masivo-contra-portales-institucionales\/","title":{"rendered":"Ministerio de Defensa bloquea intento de ciberataque masivo contra portales institucionales"},"content":{"rendered":"<div class=\"msg-body P_wpofO mq_AS\" data-test-id=\"message-view-body-content\">\n<div class=\"jb_0 X_6MGW N_6Fd5\">\n<div>\n<div id=\"yiv2937274080\">\n<div dir=\"ltr\">\n<div>\n<div class=\"yiv2937274080gmail_signature\" dir=\"ltr\">\n<div dir=\"ltr\">\n<div>\n<p class=\"yiv2937274080MsoNormal\"><span lang=\"ES\">\u00a0<\/span><\/p>\n<p class=\"yiv2937274080MsoNormal\"><span lang=\"ES\">Santo Domingo, RD, a 21 de septiembre de 2025.- <\/span><\/p>\n<p class=\"yiv2937274080MsoNormal\"><span lang=\"ES\">El Ministerio de Defensa inform\u00f3 que el d\u00eda 20 de septiembre, a las 12:00 horas, sus sistemas de ciberseguridad detectaron un incremento abrupto de solicitudes dirigidas a los portales <a href=\"http:\/\/mide.gob.do\" target=\"_blank\" rel=\"nofollow noopener noreferrer\">mide.gob.do<\/a> y <a href=\"http:\/\/c5iffaa.gob.do\" target=\"_blank\" rel=\"nofollow noopener noreferrer\">c5iffaa.gob.do<\/a>, consistente con un intento de ciberataque masivo orientado a interrumpir la disponibilidad de los servicios.<\/span><\/p>\n<p class=\"yiv2937274080MsoNormal\"><span lang=\"ES\">\u00a0 <\/span><span lang=\"ES\">El prop\u00f3sito de la ofensiva era saturar la infraestructura tecnol\u00f3gica mediante el env\u00edo de solicitudes en un corto periodo de tiempo, dificultando el acceso de usuarios leg\u00edtimos y explorando posibles debilidades en las configuraciones de los sistemas. Gracias a los controles de seguridad ya establecidos, el incidente fue mitigado de manera efectiva.<\/span><\/p>\n<p class=\"yiv2937274080MsoNormal\"><span lang=\"ES\">\u00a0 <\/span><span lang=\"ES\">Durante la jornada, se registraron picos de tr\u00e1fico de gran intensidad en ambos portales, que fueron controlados progresivamente hasta restablecer la normalidad, sin evidencia de compromiso ni afectaci\u00f3n a la informaci\u00f3n. La evaluaci\u00f3n determin\u00f3 que se trat\u00f3 de tr\u00e1fico automatizado de alto volumen orientado a agotar recursos y mapear rutas de abuso, sin que se registraran intrusiones. <\/span><\/p>\n<p class=\"yiv2937274080MsoNormal\"><span lang=\"ES\">\u00a0El impacto operativo fue mitigado, con latencia temporal en los momentos de mayor intensidad, pero la disponibilidad general de los servicios se mantuvo.<\/span><\/p>\n<p class=\"yiv2937274080MsoNormal\"><span lang=\"ES\">\u201cEl pico de tr\u00e1fico malicioso fue bloqueado con \u00e9xito; los servicios permanecieron disponibles y la informaci\u00f3n no se vio comprometida. Nada est\u00e1 100% seguro en el mundo digital, pero gracias a las actualizaciones constantes de nuestra tecnolog\u00eda y al recurso humano altamente capacitado con que cuenta el pa\u00eds, la Rep\u00fablica Dominicana mantiene seguras sus infraestructuras tecnol\u00f3gicas.<\/span><\/p>\n<p class=\"yiv2937274080MsoNormal\"><span lang=\"ES\">\u00a0Con los ajustes realizados, el C5I refuerza su capacidad de contenci\u00f3n ante futuros intentos, garantizando la continuidad del servicio y la protecci\u00f3n de los portales institucionales\u201d, afirm\u00f3 el Ministro de Defensa, Teniente General Carlos Antonio Fern\u00e1ndez Onofre.<\/span><\/p>\n<p class=\"yiv2937274080MsoNormal\"><span lang=\"ES\">\u00a0<\/span><span lang=\"ES\">Este hecho confirma el compromiso del Ministerio de Defensa de proteger no solo el espacio f\u00edsico y a\u00e9reo de la Naci\u00f3n, sino tambi\u00e9n el ciberespacio, garantizando que las plataformas digitales institucionales permanezcan seguras y disponibles para los ciudadanos.<\/span><\/p>\n<\/div>\n<\/div>\n<\/div>\n<\/div>\n<\/div>\n<\/div>\n<\/div>\n<\/div>\n<\/div>\n<div class=\"jb_0 X_6MGW N_6Fd5\">\n<div class=\"P_0 je_fq7\">\n<ul class=\"hd_n D_F eo_HB M_gQyVX P_0\">\n<li class=\"E_6Fd5 Y_6LEV\" data-test-id=\"attachment-tray-list-item\">\n<div class=\"W_3n93F p_R\" data-test-id=\"attachment-item\">\n<div class=\"I_Z1gjdlg k_w H_7yHc p_R o_h\" data-test-id=\"attachment-container\">\n<div class=\"D_F ab_C gl_C H_6D6F\"><\/div>\n<\/div>\n<\/div>\n<\/li>\n<\/ul>\n<\/div>\n<\/div>\n","protected":false},"excerpt":{"rendered":"<p>\u00a0 Santo Domingo, RD, a 21 de septiembre de 2025.- El Ministerio de Defensa inform\u00f3&#8230;<\/p>\n","protected":false},"author":3,"featured_media":1018,"comment_status":"open","ping_status":"open","sticky":false,"template":"","format":"standard","meta":{"footnotes":""},"categories":[2],"tags":[],"class_list":["post-1017","post","type-post","status-publish","format-standard","has-post-thumbnail","hentry","category-nacionales"],"_links":{"self":[{"href":"https:\/\/elviajero.com.do\/index.php\/wp-json\/wp\/v2\/posts\/1017","targetHints":{"allow":["GET"]}}],"collection":[{"href":"https:\/\/elviajero.com.do\/index.php\/wp-json\/wp\/v2\/posts"}],"about":[{"href":"https:\/\/elviajero.com.do\/index.php\/wp-json\/wp\/v2\/types\/post"}],"author":[{"embeddable":true,"href":"https:\/\/elviajero.com.do\/index.php\/wp-json\/wp\/v2\/users\/3"}],"replies":[{"embeddable":true,"href":"https:\/\/elviajero.com.do\/index.php\/wp-json\/wp\/v2\/comments?post=1017"}],"version-history":[{"count":1,"href":"https:\/\/elviajero.com.do\/index.php\/wp-json\/wp\/v2\/posts\/1017\/revisions"}],"predecessor-version":[{"id":1019,"href":"https:\/\/elviajero.com.do\/index.php\/wp-json\/wp\/v2\/posts\/1017\/revisions\/1019"}],"wp:featuredmedia":[{"embeddable":true,"href":"https:\/\/elviajero.com.do\/index.php\/wp-json\/wp\/v2\/media\/1018"}],"wp:attachment":[{"href":"https:\/\/elviajero.com.do\/index.php\/wp-json\/wp\/v2\/media?parent=1017"}],"wp:term":[{"taxonomy":"category","embeddable":true,"href":"https:\/\/elviajero.com.do\/index.php\/wp-json\/wp\/v2\/categories?post=1017"},{"taxonomy":"post_tag","embeddable":true,"href":"https:\/\/elviajero.com.do\/index.php\/wp-json\/wp\/v2\/tags?post=1017"}],"curies":[{"name":"wp","href":"https:\/\/api.w.org\/{rel}","templated":true}]}}