{"id":1028,"date":"2025-09-22T15:51:22","date_gmt":"2025-09-22T19:51:22","guid":{"rendered":"https:\/\/elviajero.com.do\/?p=1028"},"modified":"2025-09-22T15:51:53","modified_gmt":"2025-09-22T19:51:53","slug":"se-reanudan-las-operaciones-de-vuelos-en-el-aila-tras-apagon-de-9-horas","status":"publish","type":"post","link":"https:\/\/elviajero.com.do\/index.php\/2025\/09\/22\/se-reanudan-las-operaciones-de-vuelos-en-el-aila-tras-apagon-de-9-horas\/","title":{"rendered":"Se reanudan las operaciones de vuelos en el AILA tras apag\u00f3n de 9 horas"},"content":{"rendered":"<p><strong>\u00a0<\/strong><\/p>\n<p><strong>Por Rafael Castro<\/strong><br \/>\n<strong>Santo Domingo, RD \u2013 22 de septiembre de 2025<\/strong><\/p>\n<p>Las operaciones de vuelos comenzaron este lunes a normalizarse por el aeropuerto Internacional de Las Am\u00e9ricas, luego de que al menos 5,000 pasajeros de 47 vuelos resultaron afectados por la falla el\u00e9ctrica que se registr\u00f3 el pasado domingo en la terminal aeroportuaria.<\/p>\n<p>El apag\u00f3n, que se prolong\u00f3 por m\u00e1s de nueve horas, paraliz\u00f3 las operaciones en la terminal a\u00e9rea y ocasion\u00f3 largas filas de viajeros que permanecieron varados a la espera de reprogramaci\u00f3n de sus vuelos.<\/p>\n<p>Este lunes, con el restablecimiento del servicio el\u00e9ctrico y la normalizaci\u00f3n de las operaciones, cientos de pasajeros abarrotaron los mostradores de las aerol\u00edneas para regularizar su estatus de viaje.<\/p>\n<p>De acuerdo con el director corporativo de Comunicaci\u00f3n de Aeropuertos Dominicanos Siglo XXI (Aerodom), Luis L\u00f3pez, la situaci\u00f3n impact\u00f3 a viajeros con destinos en diferentes pa\u00edses de Norteam\u00e9rica, Sudam\u00e9rica, el Caribe y Europa.<\/p>\n<p>\u201cSe estima que alrededor de 5,000 pasajeros con reservaciones en vuelos internacionales se vieron afectados directa o indirectamente por la situaci\u00f3n registrada en la terminal\u201d, explic\u00f3.<\/p>\n<p>L\u00f3pez precis\u00f3 que las investigaciones para determinar las causas de la falla el\u00e9ctrica siguen en curso.<\/p>\n<p>No obstante, los informes preliminares apuntan a que el problema se origin\u00f3 en una <strong>seccionadora<\/strong>, un equipo encargado de distribuir la energ\u00eda en todo el edificio terminal.<\/p>\n<p><img loading=\"lazy\" decoding=\"async\" class=\"alignnone size-medium wp-image-1030\" src=\"https:\/\/elviajero.com.do\/wp-content\/uploads\/2025\/09\/20250922_141018-300x225.jpg\" alt=\"\" width=\"300\" height=\"225\" srcset=\"https:\/\/elviajero.com.do\/wp-content\/uploads\/2025\/09\/20250922_141018-300x225.jpg 300w, https:\/\/elviajero.com.do\/wp-content\/uploads\/2025\/09\/20250922_141018-1024x768.jpg 1024w, https:\/\/elviajero.com.do\/wp-content\/uploads\/2025\/09\/20250922_141018-768x576.jpg 768w, https:\/\/elviajero.com.do\/wp-content\/uploads\/2025\/09\/20250922_141018-1536x1152.jpg 1536w, https:\/\/elviajero.com.do\/wp-content\/uploads\/2025\/09\/20250922_141018-2048x1536.jpg 2048w\" sizes=\"auto, (max-width: 300px) 100vw, 300px\" \/><\/p>\n<p>\u201cA pesar de que en todo momento se mantuvo disponible la red p\u00fablica y el sistema de generadores de emergencia del aeropuerto, la seccionadora no estaba operando correctamente, lo que impidi\u00f3 energizar de manera segura el edificio\u201d, detall\u00f3 el vocero de Aerodom.<\/p>\n<p>Para restablecer las operaciones lo antes posible, Aerodom contrat\u00f3 dos generadores de gran capacidad que fueron conectados en subestaciones estrat\u00e9gicas, permitiendo la reactivaci\u00f3n progresiva de las \u00e1reas operativas m\u00e1s cr\u00edticas.<\/p>\n<p>Gracias a esta medida, los vuelos comenzaron a normalizarse al caer la tarde del domingo, aunque las operaciones alcanzaron plena regularidad en la ma\u00f1ana de este lunes.<\/p>\n<p><img loading=\"lazy\" decoding=\"async\" class=\"alignnone size-medium wp-image-1031\" src=\"https:\/\/elviajero.com.do\/wp-content\/uploads\/2025\/09\/20250922_141030-300x225.jpg\" alt=\"\" width=\"300\" height=\"225\" srcset=\"https:\/\/elviajero.com.do\/wp-content\/uploads\/2025\/09\/20250922_141030-300x225.jpg 300w, https:\/\/elviajero.com.do\/wp-content\/uploads\/2025\/09\/20250922_141030-1024x768.jpg 1024w, https:\/\/elviajero.com.do\/wp-content\/uploads\/2025\/09\/20250922_141030-768x576.jpg 768w, https:\/\/elviajero.com.do\/wp-content\/uploads\/2025\/09\/20250922_141030-1536x1152.jpg 1536w, https:\/\/elviajero.com.do\/wp-content\/uploads\/2025\/09\/20250922_141030-2048x1536.jpg 2048w\" sizes=\"auto, (max-width: 300px) 100vw, 300px\" \/><\/p>\n<p>\u201cHoy lunes ya todos los vuelos programados se realizan con normalidad y los pasajeros que no pudieron salir el domingo est\u00e1n siendo reacomodados y embarcados en sus respectivos destinos\u201d, asegur\u00f3 L\u00f3pez.<\/p>\n<p>El evento puso en evidencia la vulnerabilidad de las operaciones aeroportuarias ante fallas el\u00e9ctricas de gran magnitud, por lo que Aerodom inform\u00f3 que eval\u00faa medidas para reforzar los sistemas de respaldo de energ\u00eda.<\/p>\n<p>Adem\u00e1s, con eso queremos evitar que un incidente similar vuelva a impactar el flujo de pasajeros y vuelos en el AILA, la principal puerta de entrada y salida del pa\u00eds.<\/p>\n","protected":false},"excerpt":{"rendered":"<p>\u00a0 Por Rafael Castro Santo Domingo, RD \u2013 22 de septiembre de 2025 Las operaciones&#8230;<\/p>\n","protected":false},"author":3,"featured_media":1029,"comment_status":"open","ping_status":"open","sticky":false,"template":"","format":"standard","meta":{"footnotes":""},"categories":[2],"tags":[],"class_list":["post-1028","post","type-post","status-publish","format-standard","has-post-thumbnail","hentry","category-nacionales"],"_links":{"self":[{"href":"https:\/\/elviajero.com.do\/index.php\/wp-json\/wp\/v2\/posts\/1028","targetHints":{"allow":["GET"]}}],"collection":[{"href":"https:\/\/elviajero.com.do\/index.php\/wp-json\/wp\/v2\/posts"}],"about":[{"href":"https:\/\/elviajero.com.do\/index.php\/wp-json\/wp\/v2\/types\/post"}],"author":[{"embeddable":true,"href":"https:\/\/elviajero.com.do\/index.php\/wp-json\/wp\/v2\/users\/3"}],"replies":[{"embeddable":true,"href":"https:\/\/elviajero.com.do\/index.php\/wp-json\/wp\/v2\/comments?post=1028"}],"version-history":[{"count":2,"href":"https:\/\/elviajero.com.do\/index.php\/wp-json\/wp\/v2\/posts\/1028\/revisions"}],"predecessor-version":[{"id":1033,"href":"https:\/\/elviajero.com.do\/index.php\/wp-json\/wp\/v2\/posts\/1028\/revisions\/1033"}],"wp:featuredmedia":[{"embeddable":true,"href":"https:\/\/elviajero.com.do\/index.php\/wp-json\/wp\/v2\/media\/1029"}],"wp:attachment":[{"href":"https:\/\/elviajero.com.do\/index.php\/wp-json\/wp\/v2\/media?parent=1028"}],"wp:term":[{"taxonomy":"category","embeddable":true,"href":"https:\/\/elviajero.com.do\/index.php\/wp-json\/wp\/v2\/categories?post=1028"},{"taxonomy":"post_tag","embeddable":true,"href":"https:\/\/elviajero.com.do\/index.php\/wp-json\/wp\/v2\/tags?post=1028"}],"curies":[{"name":"wp","href":"https:\/\/api.w.org\/{rel}","templated":true}]}}