{"id":1065,"date":"2025-09-24T16:52:08","date_gmt":"2025-09-24T20:52:08","guid":{"rendered":"https:\/\/elviajero.com.do\/?p=1065"},"modified":"2025-09-24T16:52:39","modified_gmt":"2025-09-24T20:52:39","slug":"presidente-abinader-urge-a-onu-aprobar-fuerza-supresion-bandas-haiti","status":"publish","type":"post","link":"https:\/\/elviajero.com.do\/index.php\/2025\/09\/24\/presidente-abinader-urge-a-onu-aprobar-fuerza-supresion-bandas-haiti\/","title":{"rendered":"Presidente Abinader urge a ONU aprobar fuerza supresi\u00f3n bandas Hait\u00ed"},"content":{"rendered":"<p>&nbsp;<\/p>\n<p>Fecha: 24\/09\/2025<br \/>\nNaciones Unidas, 24 sep Agencia (EFE).-<br \/>\nEl presidente dominicano, Luis Abinader, urgi\u00f3 este mi\u00e9rcoles ante la Asamblea General de la ONU a una acci\u00f3n internacional ante la grave crisis que vive Hait\u00ed y a la aprobaci\u00f3n por parte del Consejo de Seguridad de una fuerza para combatir a las sangrientas bandas armadas que controlan m\u00e1s del 90 % de la capital de ese empobrecido pa\u00eds.<br \/>\nHait\u00ed, que comparte con Rep\u00fablica Dominicana la isla La Espa\u00f1ola, \u00abvive hoy una tragedia humana sin precedentes: violencia extrema, colapso institucional y control territorial de numerosas bandas criminales que aterrorizan a la poblaci\u00f3n\u00bb y que los gobiernos dominicano y estadounidense han clasificado como organizaciones terroristas, y con los cuales, seg\u00fan Abinader, \u00abno puede haber negociaci\u00f3n alguna\u00bb.<br \/>\nCRISIS HAITI ES UNA GRAVE AMENAZA PARA LA PAZ DE RD Y REGION<br \/>\nLa crisis multidimensional de Hait\u00ed representa una grave amenaza a la paz y la seguridad para Rep\u00fablica Dominicana y la regi\u00f3n, a\u00f1adi\u00f3 el jefe de Estado dominicano.<br \/>\nTras recordar que desde 2021 \u00abhemos sostenido con claridad: la \u00fanica salida para Hait\u00ed es una acci\u00f3n internacional coherente y sostenida, que garantice condiciones m\u00ednimas de seguridad y abra paso al m\u00e1s amplio acuerdo democr\u00e1tico y soberano entre los propios haitianos\u00bb.<br \/>\nPor ello, en su discurso ante la Asamblea General de la ONU expres\u00f3 su respaldo al proyecto de resoluci\u00f3n presentado por Panam\u00e1 y Estados Unidos ante el Consejo de Seguridad para transformar la Misi\u00f3n Multinacional de Apoyo a la Seguridad (MSS) en Hait\u00ed, liderada por Kenia, \u00aben una fuerza que logre imponer orden y reestablecer la paz, con una estructura de mando reforzada, metas claras y evaluables, y el apoyo log\u00edstico y operativo de una oficina bajo el mando de Naciones Unidas\u00bb.<br \/>\nRD SEGUIRA PROTEGIENDO SU INTEGRIDAD TERRITORIAL<br \/>\n\u00abEsta propuesta establece una presencia m\u00e1s robusta, con mayor coordinaci\u00f3n, supervisi\u00f3n y est\u00e1ndares de rendici\u00f3n de cuentas, tanto en derechos humanos como en desempe\u00f1o operativo\u00bb, sostuvo.<br \/>\nDurante su discurso, Abinader advirti\u00f3, sin embargo, que su pa\u00eds \u00abseguir\u00e1 protegiendo su integridad territorial y haciendo valer su r\u00e9gimen migratorio nacional\u00bb.<br \/>\n\u00abNing\u00fan Estado puede ser reprochado por defender sus fronteras ni por garantizar la seguridad de sus ciudadanos. No podemos ni debemos cargar solos con el peso de una crisis que desborda cualquier capacidad nacional. No es sostenible, ni seguro para nadie. Cada d\u00eda de inacci\u00f3n aleja la soluci\u00f3n a la crisis. Actuemos ya\u00bb, concluy\u00f3 Abinader, quien en octubre pasado implement\u00f3 un plan de deportaciones con el que buscaba repatriar a 10.000 haitianos por semana para controlar la migraci\u00f3n irregular.<br \/>\nQUINCE MEDIDAS EN CONTRA DE LA MIGRACION DESDE HAITI<br \/>\nAdem\u00e1s, en abril de este a\u00f1o Abinader anunci\u00f3 quince nuevas medidas en contra de la migraci\u00f3n desde Hait\u00ed, entre ellas la relativa a los hospitales p\u00fablicos, que afecta especialmente a embarazadas y parturientas, lo que ha desencadenado una ola de cr\u00edticas de diferentes organismos de protecci\u00f3n a los derechos humanos.<br \/>\nSolo en los primeros ocho meses del a\u00f1o, la Rep\u00fablica Dominicana deport\u00f3 a 250.741 haitianos en condici\u00f3n migratoria irregular, pese a las cr\u00edticas de organismos internacionales debido a la grave crisis que vive en Hait\u00ed donde unas 1.520 personas murieron y 609 resultaron heridas en Hait\u00ed en el segundo trimestre del a\u00f1o, principalmente en la zona metropolitana de Puerto Pr\u00edncipe y en su mayor\u00eda en actos perpetrados por bandas criminales, seg\u00fan datos de la Oficina Integrada de la ONU en el pa\u00eds (Binhu, por su sigla en franc\u00e9s).<\/p>\n","protected":false},"excerpt":{"rendered":"<p>&nbsp; Fecha: 24\/09\/2025 Naciones Unidas, 24 sep Agencia (EFE).- El presidente dominicano, Luis Abinader, urgi\u00f3&#8230;<\/p>\n","protected":false},"author":3,"featured_media":1066,"comment_status":"open","ping_status":"open","sticky":false,"template":"","format":"standard","meta":{"footnotes":""},"categories":[2],"tags":[],"class_list":["post-1065","post","type-post","status-publish","format-standard","has-post-thumbnail","hentry","category-nacionales"],"_links":{"self":[{"href":"https:\/\/elviajero.com.do\/index.php\/wp-json\/wp\/v2\/posts\/1065","targetHints":{"allow":["GET"]}}],"collection":[{"href":"https:\/\/elviajero.com.do\/index.php\/wp-json\/wp\/v2\/posts"}],"about":[{"href":"https:\/\/elviajero.com.do\/index.php\/wp-json\/wp\/v2\/types\/post"}],"author":[{"embeddable":true,"href":"https:\/\/elviajero.com.do\/index.php\/wp-json\/wp\/v2\/users\/3"}],"replies":[{"embeddable":true,"href":"https:\/\/elviajero.com.do\/index.php\/wp-json\/wp\/v2\/comments?post=1065"}],"version-history":[{"count":1,"href":"https:\/\/elviajero.com.do\/index.php\/wp-json\/wp\/v2\/posts\/1065\/revisions"}],"predecessor-version":[{"id":1067,"href":"https:\/\/elviajero.com.do\/index.php\/wp-json\/wp\/v2\/posts\/1065\/revisions\/1067"}],"wp:featuredmedia":[{"embeddable":true,"href":"https:\/\/elviajero.com.do\/index.php\/wp-json\/wp\/v2\/media\/1066"}],"wp:attachment":[{"href":"https:\/\/elviajero.com.do\/index.php\/wp-json\/wp\/v2\/media?parent=1065"}],"wp:term":[{"taxonomy":"category","embeddable":true,"href":"https:\/\/elviajero.com.do\/index.php\/wp-json\/wp\/v2\/categories?post=1065"},{"taxonomy":"post_tag","embeddable":true,"href":"https:\/\/elviajero.com.do\/index.php\/wp-json\/wp\/v2\/tags?post=1065"}],"curies":[{"name":"wp","href":"https:\/\/api.w.org\/{rel}","templated":true}]}}