{"id":1126,"date":"2025-09-25T20:28:20","date_gmt":"2025-09-26T00:28:20","guid":{"rendered":"https:\/\/elviajero.com.do\/?p=1126"},"modified":"2025-09-25T20:28:26","modified_gmt":"2025-09-26T00:28:26","slug":"dominicana-refuerza-liderazgo-regional-en-aviacion-durante-asamblea-de-la-oaci-en-montreal","status":"publish","type":"post","link":"https:\/\/elviajero.com.do\/index.php\/2025\/09\/25\/dominicana-refuerza-liderazgo-regional-en-aviacion-durante-asamblea-de-la-oaci-en-montreal\/","title":{"rendered":"Dominicana refuerza liderazgo regional en aviaci\u00f3n durante Asamblea de la OACI en Montreal"},"content":{"rendered":"<p><strong>Montreal, Canad\u00e1. \u2013<\/strong><\/p>\n<p>La Rep\u00fablica Dominicana reafirma su protagonismo en el \u00e1mbito aeron\u00e1utico internacional al participar activamente en la <strong>42\u00aa Asamblea de la Organizaci\u00f3n de Aviaci\u00f3n Civil Internacional (OACI)<\/strong>, que se celebra del 23 de septiembre al 3 de octubre de 2025 en la sede de este organismo en Montreal, Canad\u00e1.<\/p>\n<p>La delegaci\u00f3n dominicana est\u00e1 encabezada por <strong>H\u00e9ctor Porcella<\/strong>, presidente de la Junta de Aviaci\u00f3n Civil (JAC), y fue conformada mediante el <strong>decreto presidencial 339-25<\/strong> emitido por el presidente <strong>Luis Abinader<\/strong>. El equipo lo integran, adem\u00e1s, altos funcionarios del sector: <strong>Igor Rodr\u00edguez<\/strong> (Instituto Dominicano de Aviaci\u00f3n Civil, IDAC), el <strong>general Enmanuel Souffront<\/strong> (Cuerpo Especializado en Seguridad Aeroportuaria y de la Aviaci\u00f3n Civil, CESAC), <strong>V\u00edctor Pichardo<\/strong> (Departamento Aeroportuario), <strong>Bartolom\u00e9 Pujals<\/strong> (embajador ante la OACI) y <strong>Nasim Antonio Yapor Alba<\/strong> (representante alterno en Montreal).<\/p>\n<p><strong>Aportes t\u00e9cnicos y estrat\u00e9gicos<\/strong><\/p>\n<p>Durante la Asamblea, la Rep\u00fablica Dominicana tiene previsto <strong>presentar 20 Notas de Estudio<\/strong> sobre temas de gran relevancia para el sector a\u00e9reo internacional.<\/p>\n<p>Entre ellos se destacan: seguridad operacional, integraci\u00f3n y regulaci\u00f3n del uso de drones, derechos de los pasajeros, sostenibilidad ambiental, formaci\u00f3n y capacitaci\u00f3n del personal aeron\u00e1utico, cielos abiertos, gesti\u00f3n eficiente del espacio a\u00e9reo y la organizaci\u00f3n del pr\u00f3ximo proceso electoral del Consejo de la OACI.<\/p>\n<p><strong>Papel regional destacado<\/strong><\/p>\n<p>La participaci\u00f3n dominicana no se limita al plano nacional. El pa\u00eds funge como <strong>Primer Vicepresidente del Comit\u00e9 Ejecutivo de la Comisi\u00f3n Latinoamericana de Aviaci\u00f3n Civil (CLAC)<\/strong> y lidera la <strong>Macro Tarea de Transporte y Pol\u00edtica A\u00e9rea<\/strong>, lo que le otorga un rol clave en las decisiones regionales.<\/p>\n<p>En este marco, la delegaci\u00f3n participa en reuniones diarias con representantes de los pa\u00edses de Am\u00e9rica Latina y el Caribe, junto a la presidenta de la CLAC, <strong>Azucena Zelayal<\/strong>, y su secretario ejecutivo, <strong>Jaime Binder<\/strong>.<\/p>\n<p><strong>Intervenci\u00f3n en la plenaria<\/strong><\/p>\n<p>Est\u00e1 previsto que el presidente de la JAC, <strong>H\u00e9ctor Porcella<\/strong>, intervenga en la sesi\u00f3n plenaria de la Asamblea con la <strong>declaraci\u00f3n oficial del Estado dominicano<\/strong>, en la que destacar\u00e1 los avances del pa\u00eds en materia de conectividad a\u00e9rea, la firma de nuevos acuerdos bilaterales, la modernizaci\u00f3n de la pol\u00edtica aerocomercial, as\u00ed como los compromisos asumidos en materia de <strong>seguridad operacional y sostenibilidad ambiental<\/strong>.<\/p>\n<p><strong>Posici\u00f3n de referencia<\/strong><\/p>\n<p>Con esta participaci\u00f3n, la Rep\u00fablica Dominicana busca <strong>consolidar su liderazgo regional<\/strong> y posicionarse como un referente en la construcci\u00f3n de pol\u00edticas globales que fortalezcan la aviaci\u00f3n civil. El protagonismo alcanzado en foros internacionales como la OACI y la CLAC refleja los esfuerzos del pa\u00eds por elevar los est\u00e1ndares de calidad, seguridad y eficiencia del transporte a\u00e9reo, en beneficio tanto de los pasajeros como de la competitividad econ\u00f3mica nacional.<\/p>\n<p>&nbsp;<\/p>\n","protected":false},"excerpt":{"rendered":"<p>Montreal, Canad\u00e1. \u2013 La Rep\u00fablica Dominicana reafirma su protagonismo en el \u00e1mbito aeron\u00e1utico internacional al&#8230;<\/p>\n","protected":false},"author":3,"featured_media":1127,"comment_status":"open","ping_status":"open","sticky":false,"template":"","format":"standard","meta":{"footnotes":""},"categories":[5],"tags":[],"class_list":["post-1126","post","type-post","status-publish","format-standard","has-post-thumbnail","hentry","category-portada"],"_links":{"self":[{"href":"https:\/\/elviajero.com.do\/index.php\/wp-json\/wp\/v2\/posts\/1126","targetHints":{"allow":["GET"]}}],"collection":[{"href":"https:\/\/elviajero.com.do\/index.php\/wp-json\/wp\/v2\/posts"}],"about":[{"href":"https:\/\/elviajero.com.do\/index.php\/wp-json\/wp\/v2\/types\/post"}],"author":[{"embeddable":true,"href":"https:\/\/elviajero.com.do\/index.php\/wp-json\/wp\/v2\/users\/3"}],"replies":[{"embeddable":true,"href":"https:\/\/elviajero.com.do\/index.php\/wp-json\/wp\/v2\/comments?post=1126"}],"version-history":[{"count":1,"href":"https:\/\/elviajero.com.do\/index.php\/wp-json\/wp\/v2\/posts\/1126\/revisions"}],"predecessor-version":[{"id":1128,"href":"https:\/\/elviajero.com.do\/index.php\/wp-json\/wp\/v2\/posts\/1126\/revisions\/1128"}],"wp:featuredmedia":[{"embeddable":true,"href":"https:\/\/elviajero.com.do\/index.php\/wp-json\/wp\/v2\/media\/1127"}],"wp:attachment":[{"href":"https:\/\/elviajero.com.do\/index.php\/wp-json\/wp\/v2\/media?parent=1126"}],"wp:term":[{"taxonomy":"category","embeddable":true,"href":"https:\/\/elviajero.com.do\/index.php\/wp-json\/wp\/v2\/categories?post=1126"},{"taxonomy":"post_tag","embeddable":true,"href":"https:\/\/elviajero.com.do\/index.php\/wp-json\/wp\/v2\/tags?post=1126"}],"curies":[{"name":"wp","href":"https:\/\/api.w.org\/{rel}","templated":true}]}}