{"id":1272,"date":"2025-09-30T18:32:20","date_gmt":"2025-09-30T22:32:20","guid":{"rendered":"https:\/\/elviajero.com.do\/?p=1272"},"modified":"2025-09-30T18:36:25","modified_gmt":"2025-09-30T22:36:25","slug":"aeronave-operada-por-personal-de-sk-high-aterrizo-de-emergencia-tras-presentar-fallas-tecnicas","status":"publish","type":"post","link":"https:\/\/elviajero.com.do\/index.php\/2025\/09\/30\/aeronave-operada-por-personal-de-sk-high-aterrizo-de-emergencia-tras-presentar-fallas-tecnicas\/","title":{"rendered":"Aeronave operada por personal de Sk High aterriza de emergencia tras presentar fallas t\u00e9cnicas"},"content":{"rendered":"<p><strong>\u00a0Rafael Castro 30 de septi 2025<\/strong><\/p>\n<p>Santo Domingo.\u2013<\/p>\n<p>Momentos de tensi\u00f3n se vivieron la tarde de este martes en el Aeropuerto Internacional de Las Am\u00e9ricas, Jos\u00e9 Francisco Pe\u00f1a G\u00f3mez (AILA), cuando una aeronave Embraer 190, operada por la aerol\u00ednea Sky High, debi\u00f3 realizar un aterrizaje de emergencia tras presentar una falla t\u00e9cnica en su tren de aterrizaje delantero.<\/p>\n<p>El hecho ocurri\u00f3 a las 5:20 de la tarde, hora local, y fue manejado con \u00e9xito gracias a la r\u00e1pida activaci\u00f3n de los equipos de emergencia del aeropuerto, que aplicaron de inmediato los protocolos establecidos para estos casos.<\/p>\n<p>La aeronave, que no se encontraba en operaci\u00f3n comercial y volaba en condici\u00f3n de prueba, transportaba a siete ocupantes a bordo, quienes resultaron ilesos.<\/p>\n<p>AERODOM, empresa concesionaria de los aeropuertos operados en el pa\u00eds, confirm\u00f3 que no se registraron v\u00edctimas ni heridos durante la maniobra.<\/p>\n<p>Las operaciones en el AILA no se vieron afectadas, ya que la pista en uso fue la alterna 18-36, permitiendo la continuidad de los vuelos programados sin interrupciones.<\/p>\n<p>En un comunicado oficial, AERODOM precis\u00f3 que esta ser\u00e1 la \u00fanica declaraci\u00f3n que ofrecer\u00e1 sobre el incidente, dejando en manos de las autoridades aeron\u00e1uticas competentes cualquier informaci\u00f3n adicional que surja de la investigaci\u00f3n t\u00e9cnica correspondiente.<\/p>\n<p>El aterrizaje exitoso reafirma la importancia de los entrenamientos constantes del personal y la eficacia de los protocolos de seguridad a\u00e9rea en situaciones de riesgo, as\u00ed como la capacidad de respuesta de los organismos de apoyo en el principal aeropuerto del pa\u00eds.<\/p>\n<p>&nbsp;<\/p>\n","protected":false},"excerpt":{"rendered":"<p>\u00a0Rafael Castro 30 de septi 2025 Santo Domingo.\u2013 Momentos de tensi\u00f3n se vivieron la tarde&#8230;<\/p>\n","protected":false},"author":3,"featured_media":1273,"comment_status":"open","ping_status":"open","sticky":false,"template":"","format":"standard","meta":{"footnotes":""},"categories":[5],"tags":[],"class_list":["post-1272","post","type-post","status-publish","format-standard","has-post-thumbnail","hentry","category-portada"],"_links":{"self":[{"href":"https:\/\/elviajero.com.do\/index.php\/wp-json\/wp\/v2\/posts\/1272","targetHints":{"allow":["GET"]}}],"collection":[{"href":"https:\/\/elviajero.com.do\/index.php\/wp-json\/wp\/v2\/posts"}],"about":[{"href":"https:\/\/elviajero.com.do\/index.php\/wp-json\/wp\/v2\/types\/post"}],"author":[{"embeddable":true,"href":"https:\/\/elviajero.com.do\/index.php\/wp-json\/wp\/v2\/users\/3"}],"replies":[{"embeddable":true,"href":"https:\/\/elviajero.com.do\/index.php\/wp-json\/wp\/v2\/comments?post=1272"}],"version-history":[{"count":2,"href":"https:\/\/elviajero.com.do\/index.php\/wp-json\/wp\/v2\/posts\/1272\/revisions"}],"predecessor-version":[{"id":1276,"href":"https:\/\/elviajero.com.do\/index.php\/wp-json\/wp\/v2\/posts\/1272\/revisions\/1276"}],"wp:featuredmedia":[{"embeddable":true,"href":"https:\/\/elviajero.com.do\/index.php\/wp-json\/wp\/v2\/media\/1273"}],"wp:attachment":[{"href":"https:\/\/elviajero.com.do\/index.php\/wp-json\/wp\/v2\/media?parent=1272"}],"wp:term":[{"taxonomy":"category","embeddable":true,"href":"https:\/\/elviajero.com.do\/index.php\/wp-json\/wp\/v2\/categories?post=1272"},{"taxonomy":"post_tag","embeddable":true,"href":"https:\/\/elviajero.com.do\/index.php\/wp-json\/wp\/v2\/tags?post=1272"}],"curies":[{"name":"wp","href":"https:\/\/api.w.org\/{rel}","templated":true}]}}