{"id":1291,"date":"2025-09-30T21:52:50","date_gmt":"2025-10-01T01:52:50","guid":{"rendered":"https:\/\/elviajero.com.do\/?p=1291"},"modified":"2025-09-30T22:12:34","modified_gmt":"2025-10-01T02:12:34","slug":"idac-acompana-a-la-ciaa-en-investigacion-por-aterrizaje-de-emergencia-de-aeronave-embraer-190","status":"publish","type":"post","link":"https:\/\/elviajero.com.do\/index.php\/2025\/09\/30\/idac-acompana-a-la-ciaa-en-investigacion-por-aterrizaje-de-emergencia-de-aeronave-embraer-190\/","title":{"rendered":"IDAC y la CIAA en investigan causas que provocaron aterrizaje de emergencia de aeronave Embraer 190 en AILA"},"content":{"rendered":"<p><strong>Santo Domingo. \u2013<\/strong><\/p>\n<p>Instituto Dominicano de Aviaci\u00f3n Civil (IDAC) \u00a0y la Comisi\u00f3n Investigadora de Accidentes de Aviaci\u00f3n (CIAA), de la Junta de Aviaci\u00f3n Civil JAC, investigan las causas que provocaron el aterrizaje de emergencia de una aeronave Embraer 190, ocurrido este martes en el Aeropuerto Internacional de Las Am\u00e9ricas, Jos\u00e9 Francisco Pe\u00f1a G\u00f3mez.<\/p>\n<p>El incidente se produjo se\u00f1ala el IDAC, durante un vuelo de prueba que no formaba parte de operaciones comerciales regulares.<\/p>\n<p>La aeronave transportaba a 7 ocupantes y present\u00f3 una falla t\u00e9cnica en el tren de aterrizaje delantero, lo que motiv\u00f3 un aterrizaje de emergencia.<\/p>\n<p>Gracias a la oportuna activaci\u00f3n de los protocolos establecidos y a la r\u00e1pida respuesta de los equipos de emergencia del aeropuerto, el aterrizaje se realiz\u00f3 con \u00e9xito, sin que se registraran v\u00edctimas ni personas heridas.<\/p>\n<p>Las operaciones de navegaci\u00f3n a\u00e9rea y servicios aeroportuarios en Las Am\u00e9ricas se mantienen estables y sin afectaciones algunas.<\/p>\n<p>Sin embargo el Instituto Dominicano de Aviaci\u00f3n Civilm IDAC, inform\u00f3 que junto a la Comisi\u00f3n Investigadora de Accidentes de Aviaci\u00f3n CIAA, de la JAC, realizan las indagatorias pertinentes del accidente para establecer las causas que provocaron el mismo.<\/p>\n<p><strong>\u00a0 \u00a0Aerolinea SKY DOMINICANA<\/strong><\/p>\n<p>De su lado,\u00a0 la linea a\u00e9rea, Sky High Dominicana informa que este martes 30 de septiembre, a las 5:20 p. m. hora local de Santo Domingo, una aeronave Embraer 190 realiz\u00f3 un aterrizaje de emergencia exitoso en el Aeropuerto Internacional de Las Am\u00e9ricas, Jos\u00e9 Francisco Pe\u00f1a G\u00f3mez.<\/p>\n<p>Destac\u00f3 la aerolinea\u00a0 que es\u00a0 importante aclarar que dicha aeronave no formaba parte de la programaci\u00f3n comercial de vuelos ni se encontraba en operaci\u00f3n regular de pasajeros. En el momento del hecho se desarrollaba un vuelo de prueba interno con 7 ocupantes a bordo (cuerpo t\u00e9cnico), quienes resultaron ilesos.<\/p>\n<p>La aeronave, adem\u00e1s, se encontraba en proceso de retiro de las Especificaciones de Operaciones, por lo que no estaba contemplada dentro de la flota activa de servicio comercial desde hace varios meses.<\/p>\n<p>El incidente estuvo relacionado con una falla t\u00e9cnica en el tren de aterrizaje delantero de la aeronave . Gracias a la oportuna intervenci\u00f3n de los equipos de emergencia del aeropuerto y a la profesionalidad demostrada por el piloto y la tripulaci\u00f3n, el aterrizaje se efectu\u00f3 de manera segura y sin consecuencias para los ocupantes.<\/p>\n<p>Reiteramos que este hecho no afect\u00f3 en ning\u00fan momento las operaciones comerciales de Sky High,\u00a0 ni del aeropuerto ,las cuales contin\u00faan desarroll\u00e1ndose con normalidad. Sky High mantiene su compromiso con la seguridad operacional, la transparencia y el estricto cumplimiento de los protocolos establecidos por las autoridades aeron\u00e1uticas.<\/p>\n<p>&nbsp;<\/p>\n<p>&nbsp;<\/p>\n","protected":false},"excerpt":{"rendered":"<p>Santo Domingo. \u2013 Instituto Dominicano de Aviaci\u00f3n Civil (IDAC) \u00a0y la Comisi\u00f3n Investigadora de Accidentes&#8230;<\/p>\n","protected":false},"author":3,"featured_media":1292,"comment_status":"open","ping_status":"open","sticky":false,"template":"","format":"standard","meta":{"footnotes":""},"categories":[5],"tags":[],"class_list":["post-1291","post","type-post","status-publish","format-standard","has-post-thumbnail","hentry","category-portada"],"_links":{"self":[{"href":"https:\/\/elviajero.com.do\/index.php\/wp-json\/wp\/v2\/posts\/1291","targetHints":{"allow":["GET"]}}],"collection":[{"href":"https:\/\/elviajero.com.do\/index.php\/wp-json\/wp\/v2\/posts"}],"about":[{"href":"https:\/\/elviajero.com.do\/index.php\/wp-json\/wp\/v2\/types\/post"}],"author":[{"embeddable":true,"href":"https:\/\/elviajero.com.do\/index.php\/wp-json\/wp\/v2\/users\/3"}],"replies":[{"embeddable":true,"href":"https:\/\/elviajero.com.do\/index.php\/wp-json\/wp\/v2\/comments?post=1291"}],"version-history":[{"count":6,"href":"https:\/\/elviajero.com.do\/index.php\/wp-json\/wp\/v2\/posts\/1291\/revisions"}],"predecessor-version":[{"id":1298,"href":"https:\/\/elviajero.com.do\/index.php\/wp-json\/wp\/v2\/posts\/1291\/revisions\/1298"}],"wp:featuredmedia":[{"embeddable":true,"href":"https:\/\/elviajero.com.do\/index.php\/wp-json\/wp\/v2\/media\/1292"}],"wp:attachment":[{"href":"https:\/\/elviajero.com.do\/index.php\/wp-json\/wp\/v2\/media?parent=1291"}],"wp:term":[{"taxonomy":"category","embeddable":true,"href":"https:\/\/elviajero.com.do\/index.php\/wp-json\/wp\/v2\/categories?post=1291"},{"taxonomy":"post_tag","embeddable":true,"href":"https:\/\/elviajero.com.do\/index.php\/wp-json\/wp\/v2\/tags?post=1291"}],"curies":[{"name":"wp","href":"https:\/\/api.w.org\/{rel}","templated":true}]}}