{"id":1326,"date":"2025-10-02T22:53:06","date_gmt":"2025-10-03T02:53:06","guid":{"rendered":"https:\/\/elviajero.com.do\/?p=1326"},"modified":"2025-10-02T22:56:26","modified_gmt":"2025-10-03T02:56:26","slug":"diputado-jacobo-ramos-somete-resolucion-para-igualar-salarios-minimos-en-turismo-y-zonas-francas","status":"publish","type":"post","link":"https:\/\/elviajero.com.do\/index.php\/2025\/10\/02\/diputado-jacobo-ramos-somete-resolucion-para-igualar-salarios-minimos-en-turismo-y-zonas-francas\/","title":{"rendered":"Diputado Jacobo Ramos somete resoluci\u00f3n para igualar salarios m\u00ednimos en Turismo y Zonas Francas"},"content":{"rendered":"<p>Santo Domingo \u2013RD<\/p>\n<p>El diputado por la provincia San Pedro de Macor\u00eds y presidente de la Confederaci\u00f3n Nacional de Trabajadores Dominicanos (CNTD), Jacobo Ramos Crisp\u00edn, someti\u00f3 ante la C\u00e1mara de Diputados un anteproyecto de resoluci\u00f3n que busca garantizar mayor equidad salarial en el pa\u00eds.<\/p>\n<p>La iniciativa solicita al presidente de la Rep\u00fablica, Luis Abinader, instruir al Ministro de Trabajo para promover la igualaci\u00f3n de los salarios m\u00ednimos en los sectores de Zonas Francas y Turismo con los que actualmente rigen en el sector no sectorizado.<\/p>\n<p>\u201cEl pa\u00eds no puede continuar con un r\u00e9gimen salarial desigual que afecta la retenci\u00f3n de talento y genera altos \u00edndices de rotaci\u00f3n laboral.<\/p>\n<p>La justicia social comienza por garantizar ingresos dignos a quienes sostienen con su trabajo sectores estrat\u00e9gicos como el turismo y las zonas francas\u201d, manifest\u00f3 Ramos.Ramos explic\u00f3 que esta medida responde a la necesidad de eliminar una hist\u00f3rica brecha salarial que afecta a miles de trabajadores dominicanos.<\/p>\n<p>Seg\u00fan expuso, mientras las empresas de Zonas Francas y Turismo reciben incentivos fiscales y facilidades financieras, sus empleados perciben salarios inferiores a los de empresas no sectorizadas, lo que genera desigualdad y limita el desarrollo econ\u00f3mico y social de las familias.<\/p>\n<p>El legislador destac\u00f3 que esta propuesta se sustenta en la Constituci\u00f3n de la Rep\u00fablica Dominicana y en la Ley General de Trabajo No. 16-92, que obligan al Estado y a los empleadores a garantizar condiciones laborales justas y equitativas.<\/p>\n<p>Asimismo, record\u00f3 que los informes del Banco Central confirman la persistencia de brechas salariales que impactan negativamente en la productividad y en la calidad de vida de los trabajadores.<\/p>\n<p>El anteproyecto tambi\u00e9n resalta que la unificaci\u00f3n de los salarios m\u00ednimos fortalecer\u00eda la competitividad empresarial, aumentar\u00eda la productividad y contribuir\u00eda a un desarrollo econ\u00f3mico m\u00e1s sostenible e inclusivo en la Rep\u00fablica Dominicana. Con esta resoluci\u00f3n, se busca abrir el debate nacional sobre la necesidad de una pol\u00edtica salarial m\u00e1s justa, que beneficie tanto a los trabajadores como al crecimiento del pa\u00eds.<\/p>\n","protected":false},"excerpt":{"rendered":"<p>Santo Domingo \u2013RD El diputado por la provincia San Pedro de Macor\u00eds y presidente de&#8230;<\/p>\n","protected":false},"author":3,"featured_media":1330,"comment_status":"open","ping_status":"open","sticky":false,"template":"","format":"standard","meta":{"footnotes":""},"categories":[3],"tags":[],"class_list":["post-1326","post","type-post","status-publish","format-standard","has-post-thumbnail","hentry","category-turismo"],"_links":{"self":[{"href":"https:\/\/elviajero.com.do\/index.php\/wp-json\/wp\/v2\/posts\/1326","targetHints":{"allow":["GET"]}}],"collection":[{"href":"https:\/\/elviajero.com.do\/index.php\/wp-json\/wp\/v2\/posts"}],"about":[{"href":"https:\/\/elviajero.com.do\/index.php\/wp-json\/wp\/v2\/types\/post"}],"author":[{"embeddable":true,"href":"https:\/\/elviajero.com.do\/index.php\/wp-json\/wp\/v2\/users\/3"}],"replies":[{"embeddable":true,"href":"https:\/\/elviajero.com.do\/index.php\/wp-json\/wp\/v2\/comments?post=1326"}],"version-history":[{"count":1,"href":"https:\/\/elviajero.com.do\/index.php\/wp-json\/wp\/v2\/posts\/1326\/revisions"}],"predecessor-version":[{"id":1329,"href":"https:\/\/elviajero.com.do\/index.php\/wp-json\/wp\/v2\/posts\/1326\/revisions\/1329"}],"wp:featuredmedia":[{"embeddable":true,"href":"https:\/\/elviajero.com.do\/index.php\/wp-json\/wp\/v2\/media\/1330"}],"wp:attachment":[{"href":"https:\/\/elviajero.com.do\/index.php\/wp-json\/wp\/v2\/media?parent=1326"}],"wp:term":[{"taxonomy":"category","embeddable":true,"href":"https:\/\/elviajero.com.do\/index.php\/wp-json\/wp\/v2\/categories?post=1326"},{"taxonomy":"post_tag","embeddable":true,"href":"https:\/\/elviajero.com.do\/index.php\/wp-json\/wp\/v2\/tags?post=1326"}],"curies":[{"name":"wp","href":"https:\/\/api.w.org\/{rel}","templated":true}]}}