{"id":1592,"date":"2025-10-15T13:51:42","date_gmt":"2025-10-15T17:51:42","guid":{"rendered":"https:\/\/elviajero.com.do\/?p=1592"},"modified":"2025-10-15T13:52:13","modified_gmt":"2025-10-15T17:52:13","slug":"ministro-de-defensa-realiza-visita-de-trabajo-a-la-base-naval-27-de-febrero","status":"publish","type":"post","link":"https:\/\/elviajero.com.do\/index.php\/2025\/10\/15\/ministro-de-defensa-realiza-visita-de-trabajo-a-la-base-naval-27-de-febrero\/","title":{"rendered":"Ministro de Defensa realiza visita de trabajo a la Base Naval \u201c27 de Febrero"},"content":{"rendered":"<p>Santo Domingo-RD<\/p>\n<p>El ministro de Defensa, teniente general Carlos Antonio Fern\u00e1ndez Onofre, ERD, realiz\u00f3 una visita de trabajo a la Base Naval \u201c27 de Febrero\u201d, sede de la Comandancia General de la Armada de Rep\u00fablica Dominicana, donde encabez\u00f3 una reuni\u00f3n de alto nivel con el comandante general, vicealmirante Juan Bienvenido Cris\u00f3stomo Mart\u00ednez, y los miembros del Estado Mayor Naval, con el prop\u00f3sito de evaluar estrategias orientadas al fortalecimiento de las capacidades operativas y de respuesta de la instituci\u00f3n naval.<\/p>\n<p>Durante el encuentro, el titular del MIDE destac\u00f3 la importancia de la Armada como pilar esencial en la protecci\u00f3n de los espacios mar\u00edtimos y en la defensa de la soberan\u00eda nacional, subrayando el papel decisivo que desempe\u00f1a en la lucha contra el narcotr\u00e1fico, el contrabando, la migraci\u00f3n irregular y en las operaciones de rescate y ayuda humanitaria.<\/p>\n<p>A su llegada, el ministro Fern\u00e1ndez Onofre fue recibido con los honores militares correspondientes a su investidura, y posteriormente dirigi\u00f3 un emotivo mensaje al personal naval, a quienes defini\u00f3 como \u201cguardianes de nuestros mares, costas y puertos, y defensores firmes de la soberan\u00eda nacional\u201d.<\/p>\n<p>\u201cServir en la Armada no es solo una profesi\u00f3n; es una carrera, un honor y un acto de amor por los mejores intereses de la Rep\u00fablica Dominicana. Todos somos uno, porque la defensa de la Patria nos une en un mismo prop\u00f3sito\u201d, expres\u00f3 el ministro de Defensa al dirigirse a los oficiales y alistados presentes.<\/p>\n<p>Asimismo, reiter\u00f3 el compromiso del Ministerio de Defensa y del Gobierno dominicano, que encabeza el presidente Luis Rodolfo Abinader Corona, de seguir fortaleciendo la flota naval, optimizar la capacitaci\u00f3n del personal y mejorar las condiciones de vida y trabajo de los miembros de las Fuerzas Armadas y sus familias.<\/p>\n<p>La reuni\u00f3n de trabajo permiti\u00f3 revisar proyectos y acciones conjuntas orientadas al incremento de la capacidad log\u00edstica, tecnol\u00f3gica y t\u00e1ctica de la Armada, reafirmando el enfoque integral del MIDE en la modernizaci\u00f3n del sistema de defensa y seguridad mar\u00edtima del pa\u00eds.<\/p>\n<p>El ministro Fern\u00e1ndez Onofre concluy\u00f3 su intervenci\u00f3n exhortando a los marinos a mantener la m\u00edstica naval, el sentido del deber y la lealtad institucional que caracterizan a las Fuerzas Armadas dominicanas.<\/p>\n<p>\u201cEl pa\u00eds conf\u00eda en ustedes. Sus familias los miran con orgullo. Y esta instituci\u00f3n seguir\u00e1 garantizando que cada sacrificio sea reconocido y cada esfuerzo valorado\u201d, afirm\u00f3.<\/p>\n<p>&nbsp;<\/p>\n<p>&nbsp;<\/p>\n","protected":false},"excerpt":{"rendered":"<p>Santo Domingo-RD El ministro de Defensa, teniente general Carlos Antonio Fern\u00e1ndez Onofre, ERD, realiz\u00f3 una&#8230;<\/p>\n","protected":false},"author":3,"featured_media":1593,"comment_status":"open","ping_status":"open","sticky":false,"template":"","format":"standard","meta":{"footnotes":""},"categories":[2],"tags":[],"class_list":["post-1592","post","type-post","status-publish","format-standard","has-post-thumbnail","hentry","category-nacionales"],"_links":{"self":[{"href":"https:\/\/elviajero.com.do\/index.php\/wp-json\/wp\/v2\/posts\/1592","targetHints":{"allow":["GET"]}}],"collection":[{"href":"https:\/\/elviajero.com.do\/index.php\/wp-json\/wp\/v2\/posts"}],"about":[{"href":"https:\/\/elviajero.com.do\/index.php\/wp-json\/wp\/v2\/types\/post"}],"author":[{"embeddable":true,"href":"https:\/\/elviajero.com.do\/index.php\/wp-json\/wp\/v2\/users\/3"}],"replies":[{"embeddable":true,"href":"https:\/\/elviajero.com.do\/index.php\/wp-json\/wp\/v2\/comments?post=1592"}],"version-history":[{"count":1,"href":"https:\/\/elviajero.com.do\/index.php\/wp-json\/wp\/v2\/posts\/1592\/revisions"}],"predecessor-version":[{"id":1594,"href":"https:\/\/elviajero.com.do\/index.php\/wp-json\/wp\/v2\/posts\/1592\/revisions\/1594"}],"wp:featuredmedia":[{"embeddable":true,"href":"https:\/\/elviajero.com.do\/index.php\/wp-json\/wp\/v2\/media\/1593"}],"wp:attachment":[{"href":"https:\/\/elviajero.com.do\/index.php\/wp-json\/wp\/v2\/media?parent=1592"}],"wp:term":[{"taxonomy":"category","embeddable":true,"href":"https:\/\/elviajero.com.do\/index.php\/wp-json\/wp\/v2\/categories?post=1592"},{"taxonomy":"post_tag","embeddable":true,"href":"https:\/\/elviajero.com.do\/index.php\/wp-json\/wp\/v2\/tags?post=1592"}],"curies":[{"name":"wp","href":"https:\/\/api.w.org\/{rel}","templated":true}]}}