{"id":1695,"date":"2025-10-20T13:01:54","date_gmt":"2025-10-20T17:01:54","guid":{"rendered":"https:\/\/elviajero.com.do\/?p=1695"},"modified":"2025-10-20T13:13:37","modified_gmt":"2025-10-20T17:13:37","slug":"cesac-y-fundacion-cruz-jiminian-llevan-salud-y-esperanza-a-licey-al-medio","status":"publish","type":"post","link":"https:\/\/elviajero.com.do\/index.php\/2025\/10\/20\/cesac-y-fundacion-cruz-jiminian-llevan-salud-y-esperanza-a-licey-al-medio\/","title":{"rendered":"CESAC y Fundaci\u00f3n Cruz Jimini\u00e1n llevan salud y esperanza a Licey al Medio"},"content":{"rendered":"<article class=\"text-token-text-primary w-full focus:outline-none [--shadow-height:45px] has-data-writing-block:pointer-events-none has-data-writing-block:-mt-(--shadow-height) has-data-writing-block:pt-(--shadow-height) [&amp;:has([data-writing-block])&gt;*]:pointer-events-auto [content-visibility:auto] supports-[content-visibility:auto]:[contain-intrinsic-size:auto_100lvh] scroll-mt-[calc(var(--header-height)+min(200px,max(70px,20svh)))]\" dir=\"auto\" tabindex=\"-1\" data-turn-id=\"f9d8a24d-62f7-465f-8619-78b3bd0a09da\" data-testid=\"conversation-turn-2\" data-scroll-anchor=\"true\" data-turn=\"assistant\">\n<div class=\"text-base my-auto mx-auto pb-10 [--thread-content-margin:--spacing(4)] thread-sm:[--thread-content-margin:--spacing(6)] thread-lg:[--thread-content-margin:--spacing(16)] px-(--thread-content-margin)\">\n<div class=\"[--thread-content-max-width:40rem] thread-lg:[--thread-content-max-width:48rem] mx-auto max-w-(--thread-content-max-width) flex-1 group\/turn-messages focus-visible:outline-hidden relative flex w-full min-w-0 flex-col agent-turn\" tabindex=\"-1\">\n<div class=\"flex max-w-full flex-col grow\">\n<div class=\"min-h-8 text-message relative flex w-full flex-col items-end gap-2 text-start break-words whitespace-normal [.text-message+&amp;]:mt-1\" dir=\"auto\" data-message-author-role=\"assistant\" data-message-id=\"f1618ed7-168c-408f-ac20-b6ce29891296\" data-message-model-slug=\"gpt-5\">\n<div class=\"flex w-full flex-col gap-1 empty:hidden first:pt-[1px]\">\n<div class=\"markdown prose dark:prose-invert w-full break-words light markdown-new-styling\">\n<p data-start=\"79\" data-end=\"482\"><strong data-start=\"79\" data-end=\"114\">Santiago, Rep\u00fablica Dominicana.<\/strong>\u2013<\/p>\n<p data-start=\"79\" data-end=\"482\">En un gesto de compromiso social y cercan\u00eda con las comunidades, el Cuerpo Especializado en Seguridad Aeroportuaria y de la Aviaci\u00f3n Civil (CESAC) realiz\u00f3 una amplia jornada de acci\u00f3n c\u00edvica y asistencia m\u00e9dica en la Escuela Mauricia Perell\u00f3 Rochet, en el municipio Licey al Medio, provincia Santiago de los Caballeros, con el respaldo de la Fundaci\u00f3n Cruz Jimini\u00e1n.<\/p>\n<p data-start=\"484\" data-end=\"730\">La actividad, desarrollada bajo el lema \u201cUna mano solidaria\u201d, llev\u00f3 bienestar, salud y alegr\u00eda a decenas de familias, que recibieron consultas m\u00e9dicas gratuitas, medicamentos, orientaci\u00f3n preventiva y actividades recreativas para ni\u00f1os y adultos.<\/p>\n<p data-start=\"732\" data-end=\"1131\">El operativo estuvo encabezado por el general de brigada piloto <strong data-start=\"796\" data-end=\"831\">Enmanuel Souffront Tamayo, FARD<\/strong>, director general del CESAC, quien asisti\u00f3 junto a su esposa <strong data-start=\"893\" data-end=\"925\">Jenny Guillermo de Souffront<\/strong>, acompa\u00f1ados del <strong data-start=\"943\" data-end=\"981\">doctor F\u00e9lix Antonio Cruz Jimini\u00e1n<\/strong>, presidente de la fundaci\u00f3n que lleva su nombre, as\u00ed como miembros de la plana mayor del CESAC, personal m\u00e9dico y voluntarios de ambas instituciones.<\/p>\n<p data-start=\"1133\" data-end=\"1553\">Durante el acto, el general Souffront Tamayo subray\u00f3 la importancia de fortalecer los lazos entre las Fuerzas Armadas y la sociedad civil, destacando que estas acciones \u201cforman parte de las pol\u00edticas de responsabilidad social impulsadas por el Ministerio de Defensa y el Gobierno de la Rep\u00fablica Dominicana, orientadas a integrar las Fuerzas Armadas con las comunidades mediante programas de apoyo social y humanitario\u201d.<\/p>\n<p data-start=\"1555\" data-end=\"1956\">De su lado, el doctor Cruz Jimini\u00e1n resalt\u00f3 el impacto positivo de la colaboraci\u00f3n institucional: \u201cNos sentimos profundamente agradecidos por esta alianza solidaria con el CESAC.<\/p>\n<p data-start=\"1555\" data-end=\"1956\"><img loading=\"lazy\" decoding=\"async\" class=\"alignnone size-medium wp-image-1700\" src=\"https:\/\/elviajero.com.do\/wp-content\/uploads\/2025\/10\/IMG-20251020-WA00121-300x200.jpg\" alt=\"\" width=\"300\" height=\"200\" srcset=\"https:\/\/elviajero.com.do\/wp-content\/uploads\/2025\/10\/IMG-20251020-WA00121-300x200.jpg 300w, https:\/\/elviajero.com.do\/wp-content\/uploads\/2025\/10\/IMG-20251020-WA00121-1024x683.jpg 1024w, https:\/\/elviajero.com.do\/wp-content\/uploads\/2025\/10\/IMG-20251020-WA00121-768x512.jpg 768w, https:\/\/elviajero.com.do\/wp-content\/uploads\/2025\/10\/IMG-20251020-WA00121.jpg 1280w\" sizes=\"auto, (max-width: 300px) 100vw, 300px\" \/><\/p>\n<p data-start=\"1555\" data-end=\"1956\">Cuando las instituciones se unen por una causa noble, los resultados se reflejan en esperanza y bienestar para la gente. Hoy reafirmamos nuestro compromiso de seguir llevando salud, dignidad y amor a cada rinc\u00f3n del pa\u00eds\u201d.<\/p>\n<p data-start=\"1958\" data-end=\"2211\">La jornada cont\u00f3 con un equipo multidisciplinario de m\u00e9dicos y t\u00e9cnicos que ofrecieron servicios en diversas especialidades, entre ellas <strong data-start=\"2095\" data-end=\"2153\">medicina general, pediatr\u00eda, odontolog\u00eda y ginecolog\u00eda<\/strong>, brindando atenci\u00f3n integral a los residentes de la zona.<\/p>\n<p data-start=\"2213\" data-end=\"2481\">Adem\u00e1s, se entregaron <strong data-start=\"2235\" data-end=\"2255\">sillas de ruedas<\/strong> a personas con discapacidad y <strong data-start=\"2286\" data-end=\"2301\">canastillas<\/strong> a mujeres embarazadas, con el apoyo del se\u00f1or <strong data-start=\"2348\" data-end=\"2364\">Nacho Ch\u00e1vez<\/strong>, director operativo de la Comisi\u00f3n Barrial, perteneciente a la Comisi\u00f3n Presidencial de Apoyo al Desarrollo Barrial.<\/p>\n<p data-start=\"2483\" data-end=\"2687\" data-is-last-node=\"\" data-is-only-node=\"\">Con esta acci\u00f3n, el CESAC reafirma su compromiso de contribuir al desarrollo humano y social de las comunidades, convencido de que <strong data-start=\"2614\" data-end=\"2686\">la seguridad tambi\u00e9n se fortalece con salud, educaci\u00f3n y solidaridad<\/strong>.<\/p>\n<\/div>\n<\/div>\n<\/div>\n<\/div>\n<\/div>\n<\/div>\n<\/article>\n","protected":false},"excerpt":{"rendered":"<p>Santiago, Rep\u00fablica Dominicana.\u2013 En un gesto de compromiso social y cercan\u00eda con las comunidades, el&#8230;<\/p>\n","protected":false},"author":3,"featured_media":1697,"comment_status":"open","ping_status":"open","sticky":false,"template":"","format":"standard","meta":{"footnotes":""},"categories":[2],"tags":[],"class_list":["post-1695","post","type-post","status-publish","format-standard","has-post-thumbnail","hentry","category-nacionales"],"_links":{"self":[{"href":"https:\/\/elviajero.com.do\/index.php\/wp-json\/wp\/v2\/posts\/1695","targetHints":{"allow":["GET"]}}],"collection":[{"href":"https:\/\/elviajero.com.do\/index.php\/wp-json\/wp\/v2\/posts"}],"about":[{"href":"https:\/\/elviajero.com.do\/index.php\/wp-json\/wp\/v2\/types\/post"}],"author":[{"embeddable":true,"href":"https:\/\/elviajero.com.do\/index.php\/wp-json\/wp\/v2\/users\/3"}],"replies":[{"embeddable":true,"href":"https:\/\/elviajero.com.do\/index.php\/wp-json\/wp\/v2\/comments?post=1695"}],"version-history":[{"count":4,"href":"https:\/\/elviajero.com.do\/index.php\/wp-json\/wp\/v2\/posts\/1695\/revisions"}],"predecessor-version":[{"id":1702,"href":"https:\/\/elviajero.com.do\/index.php\/wp-json\/wp\/v2\/posts\/1695\/revisions\/1702"}],"wp:featuredmedia":[{"embeddable":true,"href":"https:\/\/elviajero.com.do\/index.php\/wp-json\/wp\/v2\/media\/1697"}],"wp:attachment":[{"href":"https:\/\/elviajero.com.do\/index.php\/wp-json\/wp\/v2\/media?parent=1695"}],"wp:term":[{"taxonomy":"category","embeddable":true,"href":"https:\/\/elviajero.com.do\/index.php\/wp-json\/wp\/v2\/categories?post=1695"},{"taxonomy":"post_tag","embeddable":true,"href":"https:\/\/elviajero.com.do\/index.php\/wp-json\/wp\/v2\/tags?post=1695"}],"curies":[{"name":"wp","href":"https:\/\/api.w.org\/{rel}","templated":true}]}}