{"id":1879,"date":"2025-10-26T18:40:56","date_gmt":"2025-10-26T22:40:56","guid":{"rendered":"https:\/\/elviajero.com.do\/?p=1879"},"modified":"2025-10-26T18:40:56","modified_gmt":"2025-10-26T22:40:56","slug":"cuatro-provincias-continuan-en-alerta-roja-y-con-suspension-de-labores-por-efectos-del-mal-tiempo","status":"publish","type":"post","link":"https:\/\/elviajero.com.do\/index.php\/2025\/10\/26\/cuatro-provincias-continuan-en-alerta-roja-y-con-suspension-de-labores-por-efectos-del-mal-tiempo\/","title":{"rendered":"Cuatro provincias contin\u00faan en alerta roja y con suspensi\u00f3n de labores por efectos del mal tiempo"},"content":{"rendered":"<p>Santo Domingo.\u2013RD<\/p>\n<p>El Centro de Operaciones de Emergencias (COE) inform\u00f3 la tarde de este domingo que cuatro provincias del pa\u00eds permanecer\u00e1n en <strong>alerta roja<\/strong> debido a las persistentes lluvias y los riesgos asociados a la saturaci\u00f3n de los suelos, inundaciones repentinas y posibles deslizamientos de tierra.<\/p>\n<p>La instituci\u00f3n explic\u00f3 que, ante la peligrosidad de las condiciones meteorol\u00f3gicas, <strong>se mantiene la suspensi\u00f3n de las labores p\u00fablicas y privadas, as\u00ed como de las clases<\/strong> en los centros educativos de esas demarcaciones hasta nuevo aviso, con el objetivo de salvaguardar la vida de la poblaci\u00f3n.<\/p>\n<p>El general retirado <strong>Juan Manuel M\u00e9ndez<\/strong>, director del COE, exhort\u00f3 a los residentes en zonas vulnerables a permanecer atentos a los boletines oficiales y a evitar cruzar r\u00edos, ca\u00f1adas o arroyos con alto caudal. \u201cLa prioridad es preservar vidas humanas. No queremos que se repitan tragedias por imprudencias o por desatender los llamados de las autoridades\u201d, subray\u00f3.<\/p>\n<p>Aunque el organismo no detall\u00f3 cu\u00e1les son las cuatro provincias que permanecen en alerta roja, se adelant\u00f3 que <strong>otras regiones del pa\u00eds se mantienen en alerta amarilla y verde<\/strong>, especialmente en el norte, el este y el suroeste, donde las lluvias contin\u00faan siendo frecuentes por los remanentes del sistema atmosf\u00e9rico que ha afectado el territorio nacional desde mediados de la semana.<\/p>\n<p>El <strong>Ministerio de Educaci\u00f3n (Minerd)<\/strong> reiter\u00f3 la suspensi\u00f3n de las clases presenciales en los centros educativos ubicados en esas provincias y dispuso que los directores distritales y regionales coordinen medidas de seguridad para proteger las infraestructuras escolares.<\/p>\n<p>Por su parte, el <strong>Ministerio de Trabajo<\/strong> pidi\u00f3 a las empresas y empleadores respetar la disposici\u00f3n del COE, recordando que el art\u00edculo 54 del C\u00f3digo de Trabajo establece la protecci\u00f3n de los trabajadores en situaciones de emergencia o fuerza mayor.<\/p>\n<p>Mientras tanto, brigadas del <strong>Ministerio de Obras P\u00fablicas y Comunicaciones (MOPC)<\/strong> y del <strong>Plan Social de la Presidencia<\/strong> contin\u00faan desplegadas en distintos puntos para asistir a las familias afectadas, limpiar v\u00edas obstruidas y llevar ayuda humanitaria.<\/p>\n<p>El COE mantiene un monitoreo constante de la evoluci\u00f3n de las condiciones del tiempo y adelant\u00f3 que ofrecer\u00e1 una nueva actualizaci\u00f3n en las pr\u00f3ximas horas, dependiendo del comportamiento de las lluvias y de los reportes de las instituciones de socorro.<\/p>\n<p>&nbsp;<\/p>\n","protected":false},"excerpt":{"rendered":"<p>Santo Domingo.\u2013RD El Centro de Operaciones de Emergencias (COE) inform\u00f3 la tarde de este domingo&#8230;<\/p>\n","protected":false},"author":3,"featured_media":1880,"comment_status":"open","ping_status":"open","sticky":false,"template":"","format":"standard","meta":{"footnotes":""},"categories":[2],"tags":[],"class_list":["post-1879","post","type-post","status-publish","format-standard","has-post-thumbnail","hentry","category-nacionales"],"_links":{"self":[{"href":"https:\/\/elviajero.com.do\/index.php\/wp-json\/wp\/v2\/posts\/1879","targetHints":{"allow":["GET"]}}],"collection":[{"href":"https:\/\/elviajero.com.do\/index.php\/wp-json\/wp\/v2\/posts"}],"about":[{"href":"https:\/\/elviajero.com.do\/index.php\/wp-json\/wp\/v2\/types\/post"}],"author":[{"embeddable":true,"href":"https:\/\/elviajero.com.do\/index.php\/wp-json\/wp\/v2\/users\/3"}],"replies":[{"embeddable":true,"href":"https:\/\/elviajero.com.do\/index.php\/wp-json\/wp\/v2\/comments?post=1879"}],"version-history":[{"count":1,"href":"https:\/\/elviajero.com.do\/index.php\/wp-json\/wp\/v2\/posts\/1879\/revisions"}],"predecessor-version":[{"id":1881,"href":"https:\/\/elviajero.com.do\/index.php\/wp-json\/wp\/v2\/posts\/1879\/revisions\/1881"}],"wp:featuredmedia":[{"embeddable":true,"href":"https:\/\/elviajero.com.do\/index.php\/wp-json\/wp\/v2\/media\/1880"}],"wp:attachment":[{"href":"https:\/\/elviajero.com.do\/index.php\/wp-json\/wp\/v2\/media?parent=1879"}],"wp:term":[{"taxonomy":"category","embeddable":true,"href":"https:\/\/elviajero.com.do\/index.php\/wp-json\/wp\/v2\/categories?post=1879"},{"taxonomy":"post_tag","embeddable":true,"href":"https:\/\/elviajero.com.do\/index.php\/wp-json\/wp\/v2\/tags?post=1879"}],"curies":[{"name":"wp","href":"https:\/\/api.w.org\/{rel}","templated":true}]}}