{"id":1897,"date":"2025-10-27T13:58:28","date_gmt":"2025-10-27T17:58:28","guid":{"rendered":"https:\/\/elviajero.com.do\/?p=1897"},"modified":"2025-10-27T13:58:28","modified_gmt":"2025-10-27T17:58:28","slug":"coe-reduce-provincias-en-alerta-por-huracan-melissa-a-24","status":"publish","type":"post","link":"https:\/\/elviajero.com.do\/index.php\/2025\/10\/27\/coe-reduce-provincias-en-alerta-por-huracan-melissa-a-24\/","title":{"rendered":"COE reduce provincias en alerta por hurac\u00e1n Melissa a 24"},"content":{"rendered":"<p data-start=\"62\" data-end=\"368\">\u00a0Santo Domingo.\u2013RD<\/p>\n<p>\u00a0El Centro de Operaciones de Emergencias (COE) inform\u00f3 este lunes que redujo a 24 las provincias en alerta debido a la incidencia del poderoso hurac\u00e1n Melissa, que contin\u00faa desplaz\u00e1ndose por el Caribe con categor\u00eda 5 y mantiene condiciones de peligro para gran parte del territorio nacional.<\/p>\n<p data-start=\"370\" data-end=\"629\">De acuerdo con el m\u00e1s reciente bolet\u00edn del organismo, se mantienen en <strong data-start=\"440\" data-end=\"455\">alerta roja<\/strong> las provincias de <strong data-start=\"474\" data-end=\"524\">Barahona, Independencia, Bahoruco y Pedernales<\/strong>, las m\u00e1s expuestas a los vientos huracanados, marejadas y fuertes precipitaciones asociadas al fen\u00f3meno.<\/p>\n<p data-start=\"631\" data-end=\"894\">En tanto, se encuentran bajo <strong data-start=\"660\" data-end=\"679\">alerta amarilla<\/strong> las demarcaciones de <strong data-start=\"701\" data-end=\"795\">Dajab\u00f3n, San Jos\u00e9 de Ocoa, Azua, Monte Plata, El\u00edas Pi\u00f1a, Peravia, San Juan y Monte Cristi<\/strong>, donde se esperan intensos aguaceros, posibles inundaciones repentinas y deslizamientos de tierra.<\/p>\n<p data-start=\"896\" data-end=\"1191\">Asimismo, el COE mantiene en <strong data-start=\"925\" data-end=\"941\">alerta verde<\/strong> a <strong data-start=\"944\" data-end=\"1121\">Santo Domingo, el Distrito Nacional, Monse\u00f1or Nouel, San Crist\u00f3bal, San Pedro de Macor\u00eds, La Romana, Hato Mayor, La Altagracia, Santiago Rodr\u00edguez, Saman\u00e1, El Seibo y Duarte<\/strong>, zonas donde las lluvias podr\u00edan incrementarse en las pr\u00f3ximas horas.<\/p>\n<p data-start=\"1193\" data-end=\"1432\">El director del COE, general retirado Juan Manuel M\u00e9ndez, reiter\u00f3 el llamado a la poblaci\u00f3n a <strong data-start=\"1287\" data-end=\"1334\">mantenerse atenta a los boletines oficiales<\/strong> y evitar desplazamientos innecesarios, especialmente en \u00e1reas pr\u00f3ximas a r\u00edos, arroyos y ca\u00f1adas.<\/p>\n<p data-start=\"1434\" data-end=\"1701\" data-is-last-node=\"\" data-is-only-node=\"\">El hurac\u00e1n Melissa, con vientos sostenidos superiores a los 250 kil\u00f3metros por hora, contin\u00faa representando una <strong data-start=\"1546\" data-end=\"1571\">amenaza significativa<\/strong> para la regi\u00f3n, aunque los pron\u00f3sticos indican que podr\u00eda desplazarse lentamente hacia el noroeste durante las pr\u00f3ximas 24 horas.<\/p>\n<p>&nbsp;<\/p>\n","protected":false},"excerpt":{"rendered":"<p>\u00a0Santo Domingo.\u2013RD \u00a0El Centro de Operaciones de Emergencias (COE) inform\u00f3 este lunes que redujo a&#8230;<\/p>\n","protected":false},"author":3,"featured_media":1898,"comment_status":"open","ping_status":"open","sticky":false,"template":"","format":"standard","meta":{"footnotes":""},"categories":[2],"tags":[],"class_list":["post-1897","post","type-post","status-publish","format-standard","has-post-thumbnail","hentry","category-nacionales"],"_links":{"self":[{"href":"https:\/\/elviajero.com.do\/index.php\/wp-json\/wp\/v2\/posts\/1897","targetHints":{"allow":["GET"]}}],"collection":[{"href":"https:\/\/elviajero.com.do\/index.php\/wp-json\/wp\/v2\/posts"}],"about":[{"href":"https:\/\/elviajero.com.do\/index.php\/wp-json\/wp\/v2\/types\/post"}],"author":[{"embeddable":true,"href":"https:\/\/elviajero.com.do\/index.php\/wp-json\/wp\/v2\/users\/3"}],"replies":[{"embeddable":true,"href":"https:\/\/elviajero.com.do\/index.php\/wp-json\/wp\/v2\/comments?post=1897"}],"version-history":[{"count":1,"href":"https:\/\/elviajero.com.do\/index.php\/wp-json\/wp\/v2\/posts\/1897\/revisions"}],"predecessor-version":[{"id":1899,"href":"https:\/\/elviajero.com.do\/index.php\/wp-json\/wp\/v2\/posts\/1897\/revisions\/1899"}],"wp:featuredmedia":[{"embeddable":true,"href":"https:\/\/elviajero.com.do\/index.php\/wp-json\/wp\/v2\/media\/1898"}],"wp:attachment":[{"href":"https:\/\/elviajero.com.do\/index.php\/wp-json\/wp\/v2\/media?parent=1897"}],"wp:term":[{"taxonomy":"category","embeddable":true,"href":"https:\/\/elviajero.com.do\/index.php\/wp-json\/wp\/v2\/categories?post=1897"},{"taxonomy":"post_tag","embeddable":true,"href":"https:\/\/elviajero.com.do\/index.php\/wp-json\/wp\/v2\/tags?post=1897"}],"curies":[{"name":"wp","href":"https:\/\/api.w.org\/{rel}","templated":true}]}}