{"id":1957,"date":"2025-10-29T16:31:06","date_gmt":"2025-10-29T20:31:06","guid":{"rendered":"https:\/\/elviajero.com.do\/?p=1957"},"modified":"2025-10-29T16:31:06","modified_gmt":"2025-10-29T20:31:06","slug":"ee-uu-deporta-a-70-dominicanos-bajo-nuevas-medidas-migratorias","status":"publish","type":"post","link":"https:\/\/elviajero.com.do\/index.php\/2025\/10\/29\/ee-uu-deporta-a-70-dominicanos-bajo-nuevas-medidas-migratorias\/","title":{"rendered":"EE.UU. deporta a 70 dominicanos bajo nuevas medidas migratorias"},"content":{"rendered":"<p data-start=\"78\" data-end=\"374\">Santo Domingo, 29 octubre .<\/p>\n<p>Un grupo de 70 ciudadanos dominicanos fue deportado desde Estados Unidos, en el marco de la pol\u00edtica migratoria m\u00e1s restrictiva aplicada por la administraci\u00f3n del presidente Donald Trump durante su segundo mandato.<\/p>\n<p data-start=\"376\" data-end=\"848\">\u00a0El vuelo comercial habilitado especialmente para este tipo de operativos arrib\u00f3 en horas de la tarde al Aeropuerto Internacional de Las Am\u00e9ricas\u2013Jos\u00e9 Francisco Pe\u00f1a G\u00f3mez, procedente del estado de Luisiana.<\/p>\n<p>\u00a0Entre los repatriados se encuentran 65 hombres y cinco mujeres, quienes hab\u00edan cumplido condenas o enfrentado procesos judiciales por violaciones a las leyes migratorias, tr\u00e1fico de drogas, y otros delitos vinculados a la venta y posesi\u00f3n de sustancias controladas.<\/p>\n<p data-start=\"850\" data-end=\"1333\">La llegada del grupo activ\u00f3 un amplio dispositivo de seguridad en la rampa noroeste de la terminal a\u00e9rea, coordinado por agentes de la Direcci\u00f3n General de Migraci\u00f3n (DGM), efectivos de la Polic\u00eda Nacional y miembros de distintas agencias de inteligencia.<\/p>\n<p>\u00a0Tras su desembarque, los deportados fueron trasladados en autobuses oficiales hacia el Centro de Acogida Vacacional de Haina, donde se llevan a cabo los procesos de identificaci\u00f3n, evaluaci\u00f3n psicol\u00f3gica y reintegraci\u00f3n social.<\/p>\n<p data-start=\"1335\" data-end=\"1693\">De acuerdo con estad\u00edsticas de la DGM, con este nuevo grupo suman alrededor de tres mil los dominicanos deportados desde territorio estadounidense en lo que va del a\u00f1o 2025.<\/p>\n<p>La mayor\u00eda ha sido vinculada a delitos como robos, falsificaci\u00f3n de documentos y tr\u00e1fico de estupefacientes, causas que han motivado su procesamiento judicial y posterior repatriaci\u00f3n.<\/p>\n<p data-start=\"1695\" data-end=\"1910\">Las autoridades dominicanas mantienen un seguimiento permanente a estos casos, en coordinaci\u00f3n con organismos internacionales, con el objetivo de facilitar la reinserci\u00f3n social y prevenir la reincidencia delictiva.<\/p>\n<p data-start=\"1912\" data-end=\"2360\" data-is-last-node=\"\" data-is-only-node=\"\">El incremento de deportaciones coincide con la aplicaci\u00f3n de nuevas directrices migratorias en Estados Unidos, que incluyen el fortalecimiento de los controles fronterizos, un aumento de las redadas del ICE en zonas urbanas y mayores obst\u00e1culos para acceder a visas, asilo o estatus migratorio legal.<\/p>\n<p>\u00a0Estas medidas han generado preocupaci\u00f3n en comunidades de inmigrantes, especialmente entre los latinoamericanos que residen en situaci\u00f3n irregular.<\/p>\n<p>&nbsp;<\/p>\n","protected":false},"excerpt":{"rendered":"<p>Santo Domingo, 29 octubre . Un grupo de 70 ciudadanos dominicanos fue deportado desde Estados&#8230;<\/p>\n","protected":false},"author":3,"featured_media":1958,"comment_status":"open","ping_status":"open","sticky":false,"template":"","format":"standard","meta":{"footnotes":""},"categories":[2],"tags":[],"class_list":["post-1957","post","type-post","status-publish","format-standard","has-post-thumbnail","hentry","category-nacionales"],"_links":{"self":[{"href":"https:\/\/elviajero.com.do\/index.php\/wp-json\/wp\/v2\/posts\/1957","targetHints":{"allow":["GET"]}}],"collection":[{"href":"https:\/\/elviajero.com.do\/index.php\/wp-json\/wp\/v2\/posts"}],"about":[{"href":"https:\/\/elviajero.com.do\/index.php\/wp-json\/wp\/v2\/types\/post"}],"author":[{"embeddable":true,"href":"https:\/\/elviajero.com.do\/index.php\/wp-json\/wp\/v2\/users\/3"}],"replies":[{"embeddable":true,"href":"https:\/\/elviajero.com.do\/index.php\/wp-json\/wp\/v2\/comments?post=1957"}],"version-history":[{"count":1,"href":"https:\/\/elviajero.com.do\/index.php\/wp-json\/wp\/v2\/posts\/1957\/revisions"}],"predecessor-version":[{"id":1959,"href":"https:\/\/elviajero.com.do\/index.php\/wp-json\/wp\/v2\/posts\/1957\/revisions\/1959"}],"wp:featuredmedia":[{"embeddable":true,"href":"https:\/\/elviajero.com.do\/index.php\/wp-json\/wp\/v2\/media\/1958"}],"wp:attachment":[{"href":"https:\/\/elviajero.com.do\/index.php\/wp-json\/wp\/v2\/media?parent=1957"}],"wp:term":[{"taxonomy":"category","embeddable":true,"href":"https:\/\/elviajero.com.do\/index.php\/wp-json\/wp\/v2\/categories?post=1957"},{"taxonomy":"post_tag","embeddable":true,"href":"https:\/\/elviajero.com.do\/index.php\/wp-json\/wp\/v2\/tags?post=1957"}],"curies":[{"name":"wp","href":"https:\/\/api.w.org\/{rel}","templated":true}]}}