{"id":1962,"date":"2025-10-30T16:00:38","date_gmt":"2025-10-30T20:00:38","guid":{"rendered":"https:\/\/elviajero.com.do\/?p=1962"},"modified":"2025-10-31T15:18:36","modified_gmt":"2025-10-31T19:18:36","slug":"llega-al-pais-leah-francis-campos-nueva-embajadora-de-estados-unidos-en-republica-dominicana","status":"publish","type":"post","link":"https:\/\/elviajero.com.do\/index.php\/2025\/10\/30\/llega-al-pais-leah-francis-campos-nueva-embajadora-de-estados-unidos-en-republica-dominicana\/","title":{"rendered":"\u00a0Llega al pa\u00eds Leah Francis Campos, nueva embajadora de Estados Unidos en Rep\u00fablica Dominicana"},"content":{"rendered":"<p data-start=\"255\" data-end=\"344\"><strong data-start=\"255\" data-end=\"276\">Por Rafael Castro<\/strong><br data-start=\"276\" data-end=\"279\" \/><em data-start=\"279\" data-end=\"344\">Aeropuerto Internacional de Las Am\u00e9ricas, 30 de octubre de 2025<\/em><\/p>\n<p data-start=\"346\" data-end=\"670\">La nueva embajadora de Estados Unidos en la Rep\u00fablica Dominicana, <strong data-start=\"412\" data-end=\"435\">Leah Francis Campos<\/strong>, arrib\u00f3 la tarde de este jueves al pa\u00eds para asumir oficialmente sus funciones diplom\u00e1ticas, luego de haber sido nominada por el presidente <strong data-start=\"576\" data-end=\"595\">Donald J. Trump<\/strong> y confirmada por el Senado estadounidense el <strong data-start=\"641\" data-end=\"667\">7 de diciembre de 2024<\/strong>.<\/p>\n<p data-start=\"672\" data-end=\"1294\">Campos lleg\u00f3 al <strong data-start=\"688\" data-end=\"759\">Aeropuerto Internacional de Las Am\u00e9ricas, Jos\u00e9 Francisco Pe\u00f1a G\u00f3mez<\/strong>, a las <strong data-start=\"767\" data-end=\"787\">3:00 de la tarde<\/strong>, a bordo del vuelo <strong data-start=\"807\" data-end=\"815\">2404<\/strong> de la aerol\u00ednea <strong data-start=\"832\" data-end=\"851\">United Airlines<\/strong>, procedente de <strong data-start=\"867\" data-end=\"886\">Washington D.C.<\/strong><\/p>\n<p>\u00a0La diplom\u00e1tica fue recibida en la terminal a\u00e9rea por una delegaci\u00f3n oficial encabezada por el director del <strong data-start=\"994\" data-end=\"1076\">Cuerpo Especializado de Seguridad Aeroportuaria y de la Aviaci\u00f3n Civil (CESAC)<\/strong>, general <strong data-start=\"1086\" data-end=\"1115\">Emmanuel Souffront Tamayo<\/strong>, y por la encargada de Negocios de la embajada estadounidense en Santo Domingo, <strong data-start=\"1196\" data-end=\"1215\">Patria Aguieras<\/strong>, junto a otros funcionarios consulares y miembros del protocolo diplom\u00e1tico.<\/p>\n<p data-start=\"1699\" data-end=\"2133\">Leah Francis Campos fue <strong data-start=\"1723\" data-end=\"1770\">juramentada el pasado 12 de octubre de 2025<\/strong> en una ceremonia oficial en Washington, antes de emprender su viaje a Santo Domingo.<\/p>\n<p><img loading=\"lazy\" decoding=\"async\" class=\"alignnone size-medium wp-image-1985\" src=\"https:\/\/elviajero.com.do\/wp-content\/uploads\/2025\/10\/20251030_150921-225x300.jpg\" alt=\"\" width=\"225\" height=\"300\" srcset=\"https:\/\/elviajero.com.do\/wp-content\/uploads\/2025\/10\/20251030_150921-225x300.jpg 225w, https:\/\/elviajero.com.do\/wp-content\/uploads\/2025\/10\/20251030_150921-768x1024.jpg 768w, https:\/\/elviajero.com.do\/wp-content\/uploads\/2025\/10\/20251030_150921-1152x1536.jpg 1152w, https:\/\/elviajero.com.do\/wp-content\/uploads\/2025\/10\/20251030_150921-1536x2048.jpg 1536w, https:\/\/elviajero.com.do\/wp-content\/uploads\/2025\/10\/20251030_150921-1024x1365.jpg 1024w, https:\/\/elviajero.com.do\/wp-content\/uploads\/2025\/10\/20251030_150921-scaled.jpg 1920w\" sizes=\"auto, (max-width: 225px) 100vw, 225px\" \/><\/p>\n<p>Es diplom\u00e1tica de carrera, con m\u00e1s de dos d\u00e9cadas de experiencia en relaciones internacionales y en programas de cooperaci\u00f3n interamericana.<\/p>\n<p>Antes de su designaci\u00f3n, se desempe\u00f1\u00f3 como asesora en temas de seguridad hemisf\u00e9rica y pol\u00edtica exterior en el Departamento de Estado.<\/p>\n<p data-start=\"2135\" data-end=\"2375\">La llegada de Campos marca el inicio de una nueva etapa en las relaciones bilaterales entre Estados Unidos y la Rep\u00fablica Dominicana, que hist\u00f3ricamente han mantenido estrechos v\u00ednculos en los \u00e1mbitos comercial, migratorio y de seguridad.<\/p>\n<p data-start=\"2377\" data-end=\"2603\">En los pr\u00f3ximos d\u00edas, la embajadora presentar\u00e1 sus <strong data-start=\"2428\" data-end=\"2451\">cartas credenciales<\/strong> al presidente dominicano en el Palacio Nacional, con lo que quedar\u00e1 formalmente acreditada como representante del gobierno estadounidense en el pa\u00eds.<\/p>\n<p data-start=\"2605\" data-end=\"2891\">Fuentes diplom\u00e1ticas indicaron que uno de los ejes prioritarios de su gesti\u00f3n ser\u00e1 <strong data-start=\"2688\" data-end=\"2798\">fortalecer la cooperaci\u00f3n bilateral en materia de inversi\u00f3n, energ\u00eda limpia y lucha contra el narcotr\u00e1fico<\/strong>, adem\u00e1s de promover programas de intercambio acad\u00e9mico y tecnol\u00f3gico entre ambas naciones.<\/p>\n<p data-start=\"2893\" data-end=\"3110\">Con su llegada, Estados Unidos renueva su compromiso de mantener una relaci\u00f3n s\u00f3lida y de mutuo respeto con la Rep\u00fablica Dominicana, en un contexto regional marcado por desaf\u00edos econ\u00f3micos y migratorios compartidos.<\/p>\n<p>&nbsp;<\/p>\n","protected":false},"excerpt":{"rendered":"<p>Por Rafael CastroAeropuerto Internacional de Las Am\u00e9ricas, 30 de octubre de 2025 La nueva embajadora&#8230;<\/p>\n","protected":false},"author":3,"featured_media":1965,"comment_status":"open","ping_status":"open","sticky":false,"template":"","format":"standard","meta":{"footnotes":""},"categories":[2],"tags":[],"class_list":["post-1962","post","type-post","status-publish","format-standard","has-post-thumbnail","hentry","category-nacionales"],"_links":{"self":[{"href":"https:\/\/elviajero.com.do\/index.php\/wp-json\/wp\/v2\/posts\/1962","targetHints":{"allow":["GET"]}}],"collection":[{"href":"https:\/\/elviajero.com.do\/index.php\/wp-json\/wp\/v2\/posts"}],"about":[{"href":"https:\/\/elviajero.com.do\/index.php\/wp-json\/wp\/v2\/types\/post"}],"author":[{"embeddable":true,"href":"https:\/\/elviajero.com.do\/index.php\/wp-json\/wp\/v2\/users\/3"}],"replies":[{"embeddable":true,"href":"https:\/\/elviajero.com.do\/index.php\/wp-json\/wp\/v2\/comments?post=1962"}],"version-history":[{"count":4,"href":"https:\/\/elviajero.com.do\/index.php\/wp-json\/wp\/v2\/posts\/1962\/revisions"}],"predecessor-version":[{"id":1987,"href":"https:\/\/elviajero.com.do\/index.php\/wp-json\/wp\/v2\/posts\/1962\/revisions\/1987"}],"wp:featuredmedia":[{"embeddable":true,"href":"https:\/\/elviajero.com.do\/index.php\/wp-json\/wp\/v2\/media\/1965"}],"wp:attachment":[{"href":"https:\/\/elviajero.com.do\/index.php\/wp-json\/wp\/v2\/media?parent=1962"}],"wp:term":[{"taxonomy":"category","embeddable":true,"href":"https:\/\/elviajero.com.do\/index.php\/wp-json\/wp\/v2\/categories?post=1962"},{"taxonomy":"post_tag","embeddable":true,"href":"https:\/\/elviajero.com.do\/index.php\/wp-json\/wp\/v2\/tags?post=1962"}],"curies":[{"name":"wp","href":"https:\/\/api.w.org\/{rel}","templated":true}]}}