{"id":1999,"date":"2025-11-01T13:51:08","date_gmt":"2025-11-01T17:51:08","guid":{"rendered":"https:\/\/elviajero.com.do\/?p=1999"},"modified":"2025-11-01T13:51:08","modified_gmt":"2025-11-01T17:51:08","slug":"coe-amplia-niveles-de-alerta-por-lluvias-ante-vaguada-y-onda-tropical-en-republica-dominicana","status":"publish","type":"post","link":"https:\/\/elviajero.com.do\/index.php\/2025\/11\/01\/coe-amplia-niveles-de-alerta-por-lluvias-ante-vaguada-y-onda-tropical-en-republica-dominicana\/","title":{"rendered":"COE ampl\u00eda niveles de alerta por lluvias ante vaguada y onda tropical en Rep\u00fablica Dominicana"},"content":{"rendered":"<p data-start=\"113\" data-end=\"442\"><em data-start=\"128\" data-end=\"174\">Santo Domingo, 1 de noviembre de 2025 (EFE).<\/em>\u2014<\/p>\n<p>El Centro de Operaciones de Emergencias (COE) ampli\u00f3 este s\u00e1bado los niveles de alerta en gran parte del territorio nacional debido a los intensos aguaceros provocados por la interacci\u00f3n de una vaguada y una onda tropical que afectan al pa\u00eds desde hace varios d\u00edas.<\/p>\n<p data-start=\"444\" data-end=\"643\">La provincia <strong data-start=\"457\" data-end=\"477\">San Jos\u00e9 de Ocoa<\/strong> contin\u00faa en <strong data-start=\"490\" data-end=\"505\">alerta roja<\/strong>, siendo una de las zonas m\u00e1s impactadas por las persistentes lluvias y el riesgo de inundaciones repentinas y deslizamientos de tierra.<\/p>\n<p data-start=\"645\" data-end=\"891\">De acuerdo con el bolet\u00edn m\u00e1s reciente del COE, <strong data-start=\"693\" data-end=\"735\">ocho provincias y el Distrito Nacional<\/strong> fueron colocadas en <strong data-start=\"756\" data-end=\"775\">alerta amarilla<\/strong>, entre ellas Santo Domingo, Monte Plata, San Crist\u00f3bal, Peravia, San Pedro de Macor\u00eds, La Romana y La Altagracia.<\/p>\n<p data-start=\"893\" data-end=\"1134\">Asimismo, <strong data-start=\"903\" data-end=\"925\">catorce provincias<\/strong> permanecen en <strong data-start=\"940\" data-end=\"956\">alerta verde<\/strong>, incluyendo Montecristi, Dajab\u00f3n, Santiago Rodr\u00edguez, Valverde, Puerto Plata, San Juan, Bahoruco, Independencia, Barahona, Pedernales, Azua, Santiago, Monse\u00f1or Nouel y Duarte.<\/p>\n<p data-start=\"1136\" data-end=\"1473\">El <strong data-start=\"1139\" data-end=\"1189\">Instituto Dominicano de Meteorolog\u00eda (Indomet)<\/strong> advirti\u00f3 que durante la tarde se esperan aguaceros moderados a fuertes acompa\u00f1ados de tronadas y r\u00e1fagas de viento en zonas del norte y noreste del pa\u00eds, especialmente sobre Santo Domingo, Monte Plata, San Pedro de Macor\u00eds, La Altagracia, S\u00e1nchez Ram\u00edrez, Monse\u00f1or Nouel y La Vega.<\/p>\n<p data-start=\"1475\" data-end=\"1708\">Asimismo, las lluvias se extender\u00e1n hacia el sur y el noroeste, afectando provincias como San Crist\u00f3bal, Duarte, el norte de Azua, el sur de Santiago, Santiago Rodr\u00edguez, Dajab\u00f3n, Valverde, Monte Cristi, Independencia y El\u00edas Pi\u00f1a.<\/p>\n<p data-start=\"1710\" data-end=\"1918\">Indomet alert\u00f3 que, durante la noche, las precipitaciones ser\u00e1n <strong data-start=\"1774\" data-end=\"1840\">m\u00e1s frecuentes sobre el litoral caribe\u00f1o, el sureste y noreste<\/strong>, lo que podr\u00eda generar acumulados importantes de agua en zonas vulnerables.<\/p>\n<p data-start=\"1920\" data-end=\"2173\">El COE exhort\u00f3 a la poblaci\u00f3n a mantenerse atenta a los boletines oficiales, evitar cruzar r\u00edos, arroyos y ca\u00f1adas con alto caudal, y seguir las recomendaciones de las autoridades locales de emergencia ante el riesgo de inundaciones urbanas y rurales.<\/p>\n","protected":false},"excerpt":{"rendered":"<p>Santo Domingo, 1 de noviembre de 2025 (EFE).\u2014 El Centro de Operaciones de Emergencias (COE)&#8230;<\/p>\n","protected":false},"author":3,"featured_media":2000,"comment_status":"open","ping_status":"open","sticky":false,"template":"","format":"standard","meta":{"footnotes":""},"categories":[2],"tags":[],"class_list":["post-1999","post","type-post","status-publish","format-standard","has-post-thumbnail","hentry","category-nacionales"],"_links":{"self":[{"href":"https:\/\/elviajero.com.do\/index.php\/wp-json\/wp\/v2\/posts\/1999","targetHints":{"allow":["GET"]}}],"collection":[{"href":"https:\/\/elviajero.com.do\/index.php\/wp-json\/wp\/v2\/posts"}],"about":[{"href":"https:\/\/elviajero.com.do\/index.php\/wp-json\/wp\/v2\/types\/post"}],"author":[{"embeddable":true,"href":"https:\/\/elviajero.com.do\/index.php\/wp-json\/wp\/v2\/users\/3"}],"replies":[{"embeddable":true,"href":"https:\/\/elviajero.com.do\/index.php\/wp-json\/wp\/v2\/comments?post=1999"}],"version-history":[{"count":1,"href":"https:\/\/elviajero.com.do\/index.php\/wp-json\/wp\/v2\/posts\/1999\/revisions"}],"predecessor-version":[{"id":2001,"href":"https:\/\/elviajero.com.do\/index.php\/wp-json\/wp\/v2\/posts\/1999\/revisions\/2001"}],"wp:featuredmedia":[{"embeddable":true,"href":"https:\/\/elviajero.com.do\/index.php\/wp-json\/wp\/v2\/media\/2000"}],"wp:attachment":[{"href":"https:\/\/elviajero.com.do\/index.php\/wp-json\/wp\/v2\/media?parent=1999"}],"wp:term":[{"taxonomy":"category","embeddable":true,"href":"https:\/\/elviajero.com.do\/index.php\/wp-json\/wp\/v2\/categories?post=1999"},{"taxonomy":"post_tag","embeddable":true,"href":"https:\/\/elviajero.com.do\/index.php\/wp-json\/wp\/v2\/tags?post=1999"}],"curies":[{"name":"wp","href":"https:\/\/api.w.org\/{rel}","templated":true}]}}