{"id":2026,"date":"2025-11-02T22:00:42","date_gmt":"2025-11-03T02:00:42","guid":{"rendered":"https:\/\/elviajero.com.do\/?p=2026"},"modified":"2025-11-02T22:00:42","modified_gmt":"2025-11-03T02:00:42","slug":"gobierno-dominicana-envia-ayuda-humanitaria-a-jamaica","status":"publish","type":"post","link":"https:\/\/elviajero.com.do\/index.php\/2025\/11\/02\/gobierno-dominicana-envia-ayuda-humanitaria-a-jamaica\/","title":{"rendered":"Gobierno Dominicana env\u00eda ayuda humanitaria a Jamaica"},"content":{"rendered":"<p>SANTO DOMINGO.-<\/p>\n<p>El Gobierno de la Rep\u00fablica Dominicana dispuso el env\u00edo de una misi\u00f3n de asistencia humanitaria hacia Jamaica, donde el hurac\u00e1n Melissa provoc\u00f3 la muerte de al menos 28 personas y destruy\u00f3 miles de viviendas.<\/p>\n<p>Asimismo, inform\u00f3 que coordina con otras autoridades para que la Operaci\u00f3n \u201cSolidaridad Caribe\u00f1a\u201d pueda extender hacia Hait\u00ed, donde el fen\u00f3meno dej\u00f3 31 muertes, y Cuba.<\/p>\n<p>\u201cSolidaridad Caribe\u00f1a\u201d \u2014coordinada a trav\u00e9s de los Ministerios de Relaciones Exteriores, de Defensa y de Salud P\u00fablica, junto a la Direcci\u00f3n de Asistencia Social y Alimentaci\u00f3n Comunitaria (DASAC) y PROMESE\/CAl contempla el env\u00edo de raciones de comida cruda, medicamentos, colchones, mosquiteros, juegos de s\u00e1banas, colchonetas y otros art\u00edculos de primera necesidad, destinados a atender las urgentes condiciones de las familias afectadas por Melissa.<\/p>\n<p>El ministro de Defensa, Carlos Antonio Fern\u00e1ndez Onofre, destac\u00f3 que esta operaci\u00f3n \u201crepresenta el esp\u00edritu solidario y la disposici\u00f3n permanente de las Fuerzas Armadas dominicanas de acudir en auxilio de los pueblos hermanos de la regi\u00f3n ante situaciones de emergencia\u201d.<\/p>\n<p>De su lado, el ministro de Relaciones Exteriores, Roberto \u00c1lvarez, explic\u00f3 que \u201ccon esta acci\u00f3n, la Rep\u00fablica Dominicana reafirma su compromiso con la cooperaci\u00f3n caribe\u00f1a y los principios de unidad, paz y apoyo mutuo que fortalecen la integraci\u00f3n regional\u201d.<\/p>\n<p>El director de la DASAC, Edgar Augusto F\u00e9liz M\u00e9ndez, indic\u00f3 que las raciones enviadas contienen productos esenciales para atender las necesidades inmediatas de las familias afectadas. \u201cSiguiendo las instrucciones del presidente Luis Abinader, esta operaci\u00f3n refleja la vocaci\u00f3n solidaria del pueblo dominicano, siempre dispuesto a tender la mano en momentos dif\u00edciles\u201d, se\u00f1al\u00f3.<\/p>\n<p>Asimismo, las autoridades del Ministerio de Salud P\u00fablica y de PROMESE\/CAL informaron que el env\u00edo incluye medicamentos, material m\u00e9dico y art\u00edculos de higiene b\u00e1sica para apoyar las labores de atenci\u00f3n sanitaria de emergencia en territorio jamaicano.<\/p>\n<p>&nbsp;<\/p>\n","protected":false},"excerpt":{"rendered":"<p>SANTO DOMINGO.- El Gobierno de la Rep\u00fablica Dominicana dispuso el env\u00edo de una misi\u00f3n de&#8230;<\/p>\n","protected":false},"author":3,"featured_media":2027,"comment_status":"open","ping_status":"open","sticky":false,"template":"","format":"standard","meta":{"footnotes":""},"categories":[2,5],"tags":[],"class_list":["post-2026","post","type-post","status-publish","format-standard","has-post-thumbnail","hentry","category-nacionales","category-portada"],"_links":{"self":[{"href":"https:\/\/elviajero.com.do\/index.php\/wp-json\/wp\/v2\/posts\/2026","targetHints":{"allow":["GET"]}}],"collection":[{"href":"https:\/\/elviajero.com.do\/index.php\/wp-json\/wp\/v2\/posts"}],"about":[{"href":"https:\/\/elviajero.com.do\/index.php\/wp-json\/wp\/v2\/types\/post"}],"author":[{"embeddable":true,"href":"https:\/\/elviajero.com.do\/index.php\/wp-json\/wp\/v2\/users\/3"}],"replies":[{"embeddable":true,"href":"https:\/\/elviajero.com.do\/index.php\/wp-json\/wp\/v2\/comments?post=2026"}],"version-history":[{"count":1,"href":"https:\/\/elviajero.com.do\/index.php\/wp-json\/wp\/v2\/posts\/2026\/revisions"}],"predecessor-version":[{"id":2028,"href":"https:\/\/elviajero.com.do\/index.php\/wp-json\/wp\/v2\/posts\/2026\/revisions\/2028"}],"wp:featuredmedia":[{"embeddable":true,"href":"https:\/\/elviajero.com.do\/index.php\/wp-json\/wp\/v2\/media\/2027"}],"wp:attachment":[{"href":"https:\/\/elviajero.com.do\/index.php\/wp-json\/wp\/v2\/media?parent=2026"}],"wp:term":[{"taxonomy":"category","embeddable":true,"href":"https:\/\/elviajero.com.do\/index.php\/wp-json\/wp\/v2\/categories?post=2026"},{"taxonomy":"post_tag","embeddable":true,"href":"https:\/\/elviajero.com.do\/index.php\/wp-json\/wp\/v2\/tags?post=2026"}],"curies":[{"name":"wp","href":"https:\/\/api.w.org\/{rel}","templated":true}]}}