{"id":2050,"date":"2025-11-03T15:50:35","date_gmt":"2025-11-03T19:50:35","guid":{"rendered":"https:\/\/elviajero.com.do\/?p=2050"},"modified":"2025-11-03T15:51:10","modified_gmt":"2025-11-03T19:51:10","slug":"el-voto-decisivo-de-abinader-redefine-la-suprema-corte","status":"publish","type":"post","link":"https:\/\/elviajero.com.do\/index.php\/2025\/11\/03\/el-voto-decisivo-de-abinader-redefine-la-suprema-corte\/","title":{"rendered":"El voto decisivo de Abinader redefine la Suprema Corte"},"content":{"rendered":"<p>&nbsp;<\/p>\n<p>Santo Domingo.RD<\/p>\n<p>El voto calificado del presidente Luis Abinader result\u00f3 determinante para que los jueces Pilar Jim\u00e9nez Ortiz y Mois\u00e9s Ferrer Landr\u00f3n quedaran fuera de la Suprema Corte de Justicia, tras la m\u00e1s reciente evaluaci\u00f3n de desempe\u00f1o realizada por el Consejo Nacional de la Magistratura (CNM).<\/p>\n<p>De acuerdo con el acta CNM 010-25, ambos magistrados recibieron una votaci\u00f3n dividida (4-4) entre los ocho miembros del consejo, lo que activ\u00f3 la prerrogativa legal que otorga al presidente de la Rep\u00fablica el voto de desempate.<\/p>\n<p>En virtud del art\u00edculo 12 de la Ley 132-11, Abinader inclin\u00f3 la balanza en contra de su permanencia, decisi\u00f3n que el CNM oficializ\u00f3 en el documento publicado el fin de semana.<\/p>\n<p>El proceso de evaluaci\u00f3n \u2014celebrado a inicios del mes pasado\u2014 examin\u00f3 m\u00e9ritos, desempe\u00f1o, capacidad t\u00e9cnica y liderazgo judicial de los jueces que aspiraban a continuar en la Alta Corte.<\/p>\n<p><strong>Argumentos divididos<\/strong><\/p>\n<p>Los consejeros que respaldaron a <strong>Pilar Jim\u00e9nez Ortiz<\/strong> destacaron su gesti\u00f3n al frente de la Primera Sala, donde logr\u00f3 eliminar un c\u00famulo hist\u00f3rico de m\u00e1s de 11,000 expedientes, algunos pendientes desde 1992.<\/p>\n<p>Se\u00f1alaron su disciplina de trabajo, la celebraci\u00f3n de m\u00e1s de 7,000 audiencias y la emisi\u00f3n de 58 votos disidentes, muestra \u2014seg\u00fan el acta\u2014 de su independencia y rigor acad\u00e9mico.<\/p>\n<p>Incluso resaltaron su designaci\u00f3n como <strong>Comisionada Iberoamericana de \u00c9tica Judicial<\/strong>, honor que proyecta a la Rep\u00fablica Dominicana en el \u00e1mbito regional.<\/p>\n<p>Sin embargo, los cuatro consejeros que votaron en contra \u2014entre ellos el presidente Abinader\u2014 argumentaron que su decisi\u00f3n de posponer la aplicaci\u00f3n de la Ley 2-23 sobre Recurso de Casaci\u00f3n fue \u201cinoportuna\u201d y gener\u00f3 un vac\u00edo legal.<\/p>\n<p>Adem\u00e1s, consideraron que su desempe\u00f1o mostr\u00f3 \u201cinseguridad en la ecuaci\u00f3n calidad\/cantidad\u201d de las sentencias emitidas, as\u00ed como demoras injustificadas en los plazos de respuesta a demandas en suspensi\u00f3n de ejecuci\u00f3n de sentencias.<\/p>\n<p>Respecto al juez <strong>Mois\u00e9s Ferrer Landr\u00f3n<\/strong>, sus defensores resaltaron su participaci\u00f3n como ponente en m\u00e1s de 450 proyectos de decisi\u00f3n y su intervenci\u00f3n en m\u00e1s de 2,000 expedientes en distintas salas de la Suprema Corte.<\/p>\n<p>Tambi\u00e9n valoraron su presencia en foros internacionales \u2014como la Conferencia de Tierras del Banco Mundial y la Conferencia del Poder Judicial\u2014 donde represent\u00f3 al pa\u00eds con solvencia t\u00e9cnica.<\/p>\n<p>Pese a ello, el bloque encabezado por Abinader consider\u00f3 que su rendimiento \u201cno satisfac\u00eda\u201d los criterios t\u00e9cnicos del reglamento 01-2025, que eval\u00faa productividad, tiempos de respuesta, recusaciones, aportes doctrinales y formaci\u00f3n continua.<\/p>\n<p>El tercer juez evaluado, <strong>Manuel Read Ortiz<\/strong>, tampoco fue ratificado. Su caso termin\u00f3 con seis votos en contra y solo dos a favor. Los consejeros se\u00f1alaron su avanzada edad (72 a\u00f1os) como un factor determinante, ya que la ley establece los 75 como l\u00edmite de retiro obligatorio, lo que impedir\u00eda que completara m\u00e1s del 30% del per\u00edodo restante.<\/p>\n<p>Con las salidas de Jim\u00e9nez Ortiz, Ferrer Landr\u00f3n y Read Ortiz, y las vacantes dejadas por <strong>Napole\u00f3n Est\u00e9vez<\/strong>, actual presidente del Tribunal Constitucional, y <strong>Blas Fern\u00e1ndez<\/strong>, quien declin\u00f3 ser reevaluado, el CNM deber\u00e1 llenar <strong>cinco posiciones<\/strong> en la Suprema Corte de Justicia.<\/p>\n<p>El desenlace del proceso reafirma la influencia pol\u00edtica e institucional del voto presidencial en las decisiones clave del Consejo, y marca un nuevo punto de inflexi\u00f3n en la composici\u00f3n del m\u00e1s alto tribunal judicial del pa\u00eds.<\/p>\n<p>&nbsp;<\/p>\n","protected":false},"excerpt":{"rendered":"<p>&nbsp; Santo Domingo.RD El voto calificado del presidente Luis Abinader result\u00f3 determinante para que los&#8230;<\/p>\n","protected":false},"author":3,"featured_media":2051,"comment_status":"open","ping_status":"open","sticky":false,"template":"","format":"standard","meta":{"footnotes":""},"categories":[2],"tags":[],"class_list":["post-2050","post","type-post","status-publish","format-standard","has-post-thumbnail","hentry","category-nacionales"],"_links":{"self":[{"href":"https:\/\/elviajero.com.do\/index.php\/wp-json\/wp\/v2\/posts\/2050","targetHints":{"allow":["GET"]}}],"collection":[{"href":"https:\/\/elviajero.com.do\/index.php\/wp-json\/wp\/v2\/posts"}],"about":[{"href":"https:\/\/elviajero.com.do\/index.php\/wp-json\/wp\/v2\/types\/post"}],"author":[{"embeddable":true,"href":"https:\/\/elviajero.com.do\/index.php\/wp-json\/wp\/v2\/users\/3"}],"replies":[{"embeddable":true,"href":"https:\/\/elviajero.com.do\/index.php\/wp-json\/wp\/v2\/comments?post=2050"}],"version-history":[{"count":1,"href":"https:\/\/elviajero.com.do\/index.php\/wp-json\/wp\/v2\/posts\/2050\/revisions"}],"predecessor-version":[{"id":2052,"href":"https:\/\/elviajero.com.do\/index.php\/wp-json\/wp\/v2\/posts\/2050\/revisions\/2052"}],"wp:featuredmedia":[{"embeddable":true,"href":"https:\/\/elviajero.com.do\/index.php\/wp-json\/wp\/v2\/media\/2051"}],"wp:attachment":[{"href":"https:\/\/elviajero.com.do\/index.php\/wp-json\/wp\/v2\/media?parent=2050"}],"wp:term":[{"taxonomy":"category","embeddable":true,"href":"https:\/\/elviajero.com.do\/index.php\/wp-json\/wp\/v2\/categories?post=2050"},{"taxonomy":"post_tag","embeddable":true,"href":"https:\/\/elviajero.com.do\/index.php\/wp-json\/wp\/v2\/tags?post=2050"}],"curies":[{"name":"wp","href":"https:\/\/api.w.org\/{rel}","templated":true}]}}