{"id":2116,"date":"2025-11-05T19:29:10","date_gmt":"2025-11-05T23:29:10","guid":{"rendered":"https:\/\/elviajero.com.do\/?p=2116"},"modified":"2025-11-05T19:29:18","modified_gmt":"2025-11-05T23:29:18","slug":"pena-gomez-es-el-dominicano-de-mayor-trascendencia-mundial-aunque-nunca-llegara-a-la-presidencia-afirma-consul-en-nueva-york","status":"publish","type":"post","link":"https:\/\/elviajero.com.do\/index.php\/2025\/11\/05\/pena-gomez-es-el-dominicano-de-mayor-trascendencia-mundial-aunque-nunca-llegara-a-la-presidencia-afirma-consul-en-nueva-york\/","title":{"rendered":"Pe\u00f1a G\u00f3mez es el dominicano de mayor trascendencia mundial, aunque nunca llegara a la Presidencia\u201d, afirma c\u00f3nsul en Nueva York"},"content":{"rendered":"<p>Nueva York. \u2013<\/p>\n<p>El c\u00f3nsul general de la Rep\u00fablica Dominicana en esta ciudad afirm\u00f3 que el doctor Jos\u00e9 Francisco Pe\u00f1a G\u00f3mez, a pesar de no haber alcanzado la Presidencia de la Rep\u00fablica, constituye \u201cel l\u00edder dominicano de mayor trascendencia mundial\u201d, y que su legado \u201ces un sentimiento nacional y una de las mayores causas sociales de nuestro pueblo\u201d.<\/p>\n<p>Las declaraciones fueron ofrecidas durante el discurso central del evento en honor al doctor Pe\u00f1a G\u00f3mez, celebrado en el Borough of Manhattan Community College (BMCC) como parte de las actividades del Mes de la Herencia Hispana, en el que tambi\u00e9n se rindi\u00f3 tributo a las Hermanas Mirabal, s\u00edmbolos de la lucha por la libertad y la dignidad humana.<\/p>\n<p>El representante consular destac\u00f3 que la figura de Pe\u00f1a G\u00f3mez trasciende las fronteras pol\u00edticas y nacionales, al encarnar los valores de justicia social, igualdad y democracia que guiaron su vida.<\/p>\n<p>\u201cHablar de Pe\u00f1a G\u00f3mez es hablar de un hombre excepcional, que desde sus or\u00edgenes humildes se elev\u00f3 con esfuerzo, educaci\u00f3n y compromiso hasta convertirse en una de las voces m\u00e1s firmes en defensa de los derechos humanos y los valores democr\u00e1ticos en Am\u00e9rica Latina\u201d, expres\u00f3.<\/p>\n<p>El c\u00f3nsul record\u00f3 que Pe\u00f1a G\u00f3mez fue protagonista de los principales procesos democr\u00e1ticos de la Rep\u00fablica Dominicana, desde la defensa del gobierno constitucional de 1963, su llamado a la Revoluci\u00f3n de Abril de 1965, hasta su papel determinante en la restauraci\u00f3n de la democracia en 1978.<\/p>\n<p>Subray\u00f3, adem\u00e1s, su proyecci\u00f3n internacional, que lo llev\u00f3 a ocupar la Vicepresidencia Mundial de la Internacional Socialista y la Presidencia para Am\u00e9rica Latina y el Caribe, manteniendo estrechos v\u00ednculos con l\u00edderes como Willy Brandt, Fran\u00e7ois Mitterrand, Mario Soares, Olof Palme, Felipe Gonz\u00e1lez, Ra\u00fal Alfons\u00edn, Carlos Andr\u00e9s P\u00e9rez y Rodrigo Borja.<\/p>\n<p>\u201cNing\u00fan otro compatriota ha alcanzado el nivel de reconocimiento internacional que tuvo Pe\u00f1a G\u00f3mez. Fue admirado incluso por figuras como el primer ministro de Israel, Shimon Peres, quien lleg\u00f3 a decir que era el orador m\u00e1s grande que hab\u00eda escuchado en su vida\u201d, agreg\u00f3.<\/p>\n<p>El funcionario resalt\u00f3 la grandeza moral del l\u00edder socialdem\u00f3crata, recordando su actitud pac\u00edfica tras las elecciones de 1994, cuando en lugar de llamar a la confrontaci\u00f3n, acudi\u00f3 a orar, demostrando su compromiso con la paz y la estabilidad del pa\u00eds.<\/p>\n<p>\u201cSu vida fue una lecci\u00f3n de servicio, humildad y fe. Pe\u00f1a G\u00f3mez nos ense\u00f1\u00f3 que el poder solo tiene sentido cuando se pone al servicio del pueblo\u201d, afirm\u00f3 el diplom\u00e1tico.<\/p>\n<p>Finalmente, desde la comunidad dominicana en Nueva York, el c\u00f3nsul reafirm\u00f3 la vigencia del pensamiento pe\u00f1agomista y su mensaje de humanidad:<\/p>\n<p>\u201cQuerido Pe\u00f1a, hoy elevamos tu nombre como se eleva la bandera al viento: con orgullo, con amor y con fe en un futuro m\u00e1s justo. Porque mientras exista un dominicano que crea en la democracia, Jos\u00e9 Francisco Pe\u00f1a G\u00f3mez no habr\u00e1 muerto jam\u00e1s.<\/p>\n<p>Al acto asistieron\u00a0 \u00a0Anthony Munroe, Director del Borough of Manhattan community college, el congresista Adriano Espaillat, Altagracia Sol de \u00c1vila, l\u00edderes religiosos y comunitarios, entre otras personalidades.<\/p>\n<p>&nbsp;<\/p>\n","protected":false},"excerpt":{"rendered":"<p>Nueva York. \u2013 El c\u00f3nsul general de la Rep\u00fablica Dominicana en esta ciudad afirm\u00f3 que&#8230;<\/p>\n","protected":false},"author":3,"featured_media":2117,"comment_status":"open","ping_status":"open","sticky":false,"template":"","format":"standard","meta":{"footnotes":""},"categories":[8],"tags":[],"class_list":["post-2116","post","type-post","status-publish","format-standard","has-post-thumbnail","hentry","category-dominicanos-en-el-exterior"],"_links":{"self":[{"href":"https:\/\/elviajero.com.do\/index.php\/wp-json\/wp\/v2\/posts\/2116","targetHints":{"allow":["GET"]}}],"collection":[{"href":"https:\/\/elviajero.com.do\/index.php\/wp-json\/wp\/v2\/posts"}],"about":[{"href":"https:\/\/elviajero.com.do\/index.php\/wp-json\/wp\/v2\/types\/post"}],"author":[{"embeddable":true,"href":"https:\/\/elviajero.com.do\/index.php\/wp-json\/wp\/v2\/users\/3"}],"replies":[{"embeddable":true,"href":"https:\/\/elviajero.com.do\/index.php\/wp-json\/wp\/v2\/comments?post=2116"}],"version-history":[{"count":1,"href":"https:\/\/elviajero.com.do\/index.php\/wp-json\/wp\/v2\/posts\/2116\/revisions"}],"predecessor-version":[{"id":2118,"href":"https:\/\/elviajero.com.do\/index.php\/wp-json\/wp\/v2\/posts\/2116\/revisions\/2118"}],"wp:featuredmedia":[{"embeddable":true,"href":"https:\/\/elviajero.com.do\/index.php\/wp-json\/wp\/v2\/media\/2117"}],"wp:attachment":[{"href":"https:\/\/elviajero.com.do\/index.php\/wp-json\/wp\/v2\/media?parent=2116"}],"wp:term":[{"taxonomy":"category","embeddable":true,"href":"https:\/\/elviajero.com.do\/index.php\/wp-json\/wp\/v2\/categories?post=2116"},{"taxonomy":"post_tag","embeddable":true,"href":"https:\/\/elviajero.com.do\/index.php\/wp-json\/wp\/v2\/tags?post=2116"}],"curies":[{"name":"wp","href":"https:\/\/api.w.org\/{rel}","templated":true}]}}