{"id":2156,"date":"2025-11-07T16:01:55","date_gmt":"2025-11-07T20:01:55","guid":{"rendered":"https:\/\/elviajero.com.do\/?p=2156"},"modified":"2025-11-07T16:02:04","modified_gmt":"2025-11-07T20:02:04","slug":"ilusos-aquellos-que-pretenden-ocultar-la-verdad-en-estos-tiempos-2-de-3","status":"publish","type":"post","link":"https:\/\/elviajero.com.do\/index.php\/2025\/11\/07\/ilusos-aquellos-que-pretenden-ocultar-la-verdad-en-estos-tiempos-2-de-3\/","title":{"rendered":"Ilusos aquellos que pretenden\u00a0ocultar la verdad en estos tiempos\u00a0(2 de 3)\u00a0"},"content":{"rendered":"<p><span data-contrast=\"auto\">Por: Rafael R. Ram\u00edrez Ferreira<\/span><span data-ccp-props=\"{&quot;201341983&quot;:0,&quot;335551550&quot;:2,&quot;335551620&quot;:2,&quot;335559739&quot;:0,&quot;335559740&quot;:240}\">\u00a0<\/span><\/p>\n<p><span data-contrast=\"auto\">No es sabio quien conoce<\/span><span data-ccp-props=\"{&quot;201341983&quot;:0,&quot;335551550&quot;:3,&quot;335551620&quot;:3,&quot;335559739&quot;:0,&quot;335559740&quot;:240}\">\u00a0<\/span><\/p>\n<p><span data-contrast=\"auto\">la virtud,\u00a0<\/span><span data-ccp-props=\"{&quot;201341983&quot;:0,&quot;335551550&quot;:3,&quot;335551620&quot;:3,&quot;335559739&quot;:0,&quot;335559740&quot;:240}\">\u00a0<\/span><\/p>\n<p><span data-contrast=\"auto\">si no quien la pr\u00e1ctica\u00a0<\/span><span data-ccp-props=\"{&quot;201341983&quot;:0,&quot;335551550&quot;:3,&quot;335551620&quot;:3,&quot;335559739&quot;:0,&quot;335559740&quot;:240}\">\u00a0<\/span><\/p>\n<p><span data-contrast=\"auto\">a pesar del costo.<\/span><span data-ccp-props=\"{&quot;201341983&quot;:0,&quot;335551550&quot;:3,&quot;335551620&quot;:3,&quot;335559739&quot;:0,&quot;335559740&quot;:240}\">\u00a0<\/span><\/p>\n<ol>\n<li><span data-contrast=\"auto\"> Rufo.<\/span><\/li>\n<\/ol>\n<p><span data-contrast=\"auto\">Como continuaci\u00f3n del art\u00edculo anterior, proseguimos diciendo que, en ese estado de cosas, es decir, conscientes de lo que ocurr\u00eda y ocurrir\u00eda a posteriori, a esos notables \u201chonorables\u201d, se sumaron otros tantos conocidos servidores del r\u00e9gimen, servidores o ac\u00f3litos que, consumado el hecho, pasar\u00edan luego a ser fervorosos antitrujillistas, revolucionarios que, sigilosa, inteligente y aviesamente, por igual, se las ingeniaron para obtener algo del bot\u00edn que se estaba repartiendo.<\/span><span data-ccp-props=\"{&quot;201341983&quot;:0,&quot;335551550&quot;:6,&quot;335551620&quot;:6,&quot;335559739&quot;:0,&quot;335559740&quot;:240}\">\u00a0<\/span><\/p>\n<p><span data-contrast=\"auto\">La cosa es, que, a esos patriarcas del desorden nacional, a los h\u00e9roes y apostatas del nuevo discurso antitrujillista, tenemos obligatoriamente que sumarles a los impostores de la virtud, a los creadores de verdaderas dinast\u00edas perpetuadas en el poder a partir del 1966 pero, peor a\u00fan, a\u00f1adi\u00e9ndoles tambi\u00e9n, a esas otras establecidas a partir del 1978-1996 respectivamente.\u00a0<\/span><span data-ccp-props=\"{&quot;201341983&quot;:0,&quot;335551550&quot;:6,&quot;335551620&quot;:6,&quot;335559739&quot;:0,&quot;335559740&quot;:240}\">\u00a0<\/span><\/p>\n<p><span data-contrast=\"auto\">Nos referimos a esas dinast\u00edas compuestas por los m\u00e1s dignos representantes del puritanismo pol\u00edtico, a esos que, ir\u00f3nicamente, a\u00fan hoy d\u00eda, su mejor carta de presentaci\u00f3n contin\u00faa siendo el haber combatido la corrupci\u00f3n imperante durante los famosos doce a\u00f1os del Dr.<\/span><\/p>\n<p><span data-contrast=\"auto\"> Balaguer, periodo enmarcado -aunque muchos obvian esto-, dentro de un ciclo oscuro dentro del contexto de la llamada guerra fr\u00eda. Guerra esta, donde el significado de fr\u00edo perdi\u00f3 su significado, ya que m\u00e1s atroz y caliente no pudo haber sido.<\/span><span data-ccp-props=\"{&quot;201341983&quot;:0,&quot;335551550&quot;:6,&quot;335551620&quot;:6,&quot;335559739&quot;:0,&quot;335559740&quot;:240}\">\u00a0<\/span><\/p>\n<p><span data-contrast=\"auto\">Pero, lo peor de esas dinast\u00edas, procedentes de una misma matriz pol\u00edtica, revolucionaria y liberar\u00edas, cong\u00e9neres pol\u00edticos convertidos en seres en constante mutaci\u00f3n, que han ido desarrollando una virulencia cada vez m\u00e1s letal para la cosa p\u00fablica, cuyo signo patognom\u00f3nico, es la gula.<\/span><span data-ccp-props=\"{&quot;201341983&quot;:0,&quot;335551550&quot;:6,&quot;335551620&quot;:6,&quot;335559739&quot;:0,&quot;335559740&quot;:240}\">\u00a0<\/span><\/p>\n<p><span data-contrast=\"auto\">Tan distintivo y caracter\u00edstico es este signo, que lo encontramos hasta en lo escrito por los ap\u00f3stoles Marcos 4:22 y Lucas 8:17, al decir que: \u201cNo hay nada que no haya de ser manifestado, ni esc\u00e1ndalo que no haya de salir a la luz\u201d. <\/span><\/p>\n<p><span data-contrast=\"auto\">Como dir\u00eda un amigo: \u201cm\u00e1s claro, ni el agua\u201d y as\u00ed es, porque gracias a la fluidez de la comunicaci\u00f3n y los dem\u00e1s adelantos tecnol\u00f3gicos, hoy d\u00eda, el pueblo ha podido estar al tanto de los continuos y bochornosos esc\u00e1ndalos de corrupci\u00f3n que han caracterizado las \u00faltimas 8 administraciones gubernamentales, donde gente llegada desde lo m\u00e1s profundo de las miserias, hoy, declaran fortunas que a cualquiera le pueden producir un patat\u00fas y, aun as\u00ed, algunos preguntan qu\u00e9; \u00bfCual corrupci\u00f3n?<\/span><span data-ccp-props=\"{&quot;201341983&quot;:0,&quot;335551550&quot;:6,&quot;335551620&quot;:6,&quot;335559739&quot;:0,&quot;335559740&quot;:240}\">\u00a0<\/span><\/p>\n<p><span data-contrast=\"auto\">Sin temor alguno de que nos tachen de tal o cual cosa o estampen cual bestia, nos urge decir: Balaguer, ven a ver c\u00f3mo, quienes te criticaban por supuestamente ser corrupto -aunque no dejaste ninguna herencia de valor monetario-, y por haber tenido una justicia que manejabas a tu conveniencia, ahora enfrentan los mismos problemas, donde el culpable siempre es el anterior, aun y hayan sido ellos mismos.<\/span><\/p>\n<p><span data-contrast=\"auto\"> Ven a ver la cantidad de desapariciones, muertes y ajusticiamientos que antes te atribu\u00edan a ti y que ahora, nadie ve y mucho menos es responsable. \u00a1Ven a verlos!<\/span><span data-ccp-props=\"{&quot;201341983&quot;:0,&quot;335551550&quot;:6,&quot;335551620&quot;:6,&quot;335559739&quot;:0,&quot;335559740&quot;:240}\">\u00a0<\/span><\/p>\n<p><span data-contrast=\"auto\">Aunque, por igual, podr\u00edamos clamar: Trujillo, ven a ver qui\u00e9nes se robaron las tierras que supuesta o realmente te hab\u00edas robado; ven a ver como destruyeron todas las f\u00e1bricas que proporcionaban trabajo y que hoy, mantienen miles de gente que deber\u00edan trabajar, con una pendejada dizque solidaria y donde no pasan muchos meses para inventarse nuevas f\u00f3rmulas para repartir el erario p\u00fablico, a sabiendas, de que, todo se reduce a un clientelismo pol\u00edtico bochornoso y criminal; donde las cosechas se pierden, no por la falta de haitianos, si no, por la falta de trabajadores, cosa que parece lo mismo pero no lo es, porque los hombres que deber\u00edan estar trabajando se encuentran moto conchando, empacando en los supermercados o mantenidos por el Estado. Pero \u201cJuuuye\u201d antes que se hunda la media isla en un caos total. Continuaremos en la pr\u00f3xima. \u00a1S\u00ed se\u00f1or!<\/span><span data-ccp-props=\"{&quot;201341983&quot;:0,&quot;335551550&quot;:6,&quot;335551620&quot;:6,&quot;335559739&quot;:0,&quot;335559740&quot;:240}\">\u00a0<\/span><\/p>\n<p>&nbsp;<\/p>\n","protected":false},"excerpt":{"rendered":"<p>Por: Rafael R. Ram\u00edrez Ferreira\u00a0 No es sabio quien conoce\u00a0 la virtud,\u00a0\u00a0 si no quien&#8230;<\/p>\n","protected":false},"author":3,"featured_media":2157,"comment_status":"open","ping_status":"open","sticky":false,"template":"","format":"standard","meta":{"footnotes":""},"categories":[7],"tags":[],"class_list":["post-2156","post","type-post","status-publish","format-standard","has-post-thumbnail","hentry","category-opiniones"],"_links":{"self":[{"href":"https:\/\/elviajero.com.do\/index.php\/wp-json\/wp\/v2\/posts\/2156","targetHints":{"allow":["GET"]}}],"collection":[{"href":"https:\/\/elviajero.com.do\/index.php\/wp-json\/wp\/v2\/posts"}],"about":[{"href":"https:\/\/elviajero.com.do\/index.php\/wp-json\/wp\/v2\/types\/post"}],"author":[{"embeddable":true,"href":"https:\/\/elviajero.com.do\/index.php\/wp-json\/wp\/v2\/users\/3"}],"replies":[{"embeddable":true,"href":"https:\/\/elviajero.com.do\/index.php\/wp-json\/wp\/v2\/comments?post=2156"}],"version-history":[{"count":1,"href":"https:\/\/elviajero.com.do\/index.php\/wp-json\/wp\/v2\/posts\/2156\/revisions"}],"predecessor-version":[{"id":2158,"href":"https:\/\/elviajero.com.do\/index.php\/wp-json\/wp\/v2\/posts\/2156\/revisions\/2158"}],"wp:featuredmedia":[{"embeddable":true,"href":"https:\/\/elviajero.com.do\/index.php\/wp-json\/wp\/v2\/media\/2157"}],"wp:attachment":[{"href":"https:\/\/elviajero.com.do\/index.php\/wp-json\/wp\/v2\/media?parent=2156"}],"wp:term":[{"taxonomy":"category","embeddable":true,"href":"https:\/\/elviajero.com.do\/index.php\/wp-json\/wp\/v2\/categories?post=2156"},{"taxonomy":"post_tag","embeddable":true,"href":"https:\/\/elviajero.com.do\/index.php\/wp-json\/wp\/v2\/tags?post=2156"}],"curies":[{"name":"wp","href":"https:\/\/api.w.org\/{rel}","templated":true}]}}