{"id":2185,"date":"2025-11-09T13:39:18","date_gmt":"2025-11-09T17:39:18","guid":{"rendered":"https:\/\/elviajero.com.do\/?p=2185"},"modified":"2025-11-09T13:39:18","modified_gmt":"2025-11-09T17:39:18","slug":"digesett-refuerza-vigilancia-en-carreteras-por-el-feriado-del-dia-de-la-constitucion","status":"publish","type":"post","link":"https:\/\/elviajero.com.do\/index.php\/2025\/11\/09\/digesett-refuerza-vigilancia-en-carreteras-por-el-feriado-del-dia-de-la-constitucion\/","title":{"rendered":"DIGESETT refuerza vigilancia en carreteras por el feriado del D\u00eda de la Constituci\u00f3n"},"content":{"rendered":"<p>&nbsp;<\/p>\n<p data-start=\"92\" data-end=\"163\"><strong data-start=\"92\" data-end=\"114\">Santo Domingo, RD.<\/strong><br data-start=\"114\" data-end=\"117\" \/><em data-start=\"117\" data-end=\"161\">Por Rafael Castro \u2013 9 de noviembre de 2025<\/em><\/p>\n<p data-start=\"165\" data-end=\"543\">La Direcci\u00f3n General de Seguridad de Tr\u00e1nsito y Transporte Terrestre (DIGESETT) despleg\u00f3 este fin de semana un amplio operativo de prevenci\u00f3n y control vial en las principales autopistas y carreteras del pa\u00eds, con el objetivo de evitar accidentes de tr\u00e1nsito y garantizar la seguridad de los ciudadanos durante el feriado largo por la conmemoraci\u00f3n del D\u00eda de la Constituci\u00f3n.<\/p>\n<p data-start=\"545\" data-end=\"855\">El director general de la instituci\u00f3n, general <strong data-start=\"592\" data-end=\"615\">Pascual Cruz M\u00e9ndez<\/strong>, inform\u00f3 que dispuso el reforzamiento de la presencia de agentes en puntos estrat\u00e9gicos, como las entradas y salidas del Gran Santo Domingo, las principales zonas tur\u00edsticas y los tramos considerados cr\u00edticos por su alto flujo vehicular.<img loading=\"lazy\" decoding=\"async\" class=\"alignnone size-medium wp-image-2187\" src=\"https:\/\/elviajero.com.do\/wp-content\/uploads\/2025\/11\/IMG-20251108-WA00511-300x298.jpg\" alt=\"\" width=\"300\" height=\"298\" srcset=\"https:\/\/elviajero.com.do\/wp-content\/uploads\/2025\/11\/IMG-20251108-WA00511-300x298.jpg 300w, https:\/\/elviajero.com.do\/wp-content\/uploads\/2025\/11\/IMG-20251108-WA00511-150x150.jpg 150w, https:\/\/elviajero.com.do\/wp-content\/uploads\/2025\/11\/IMG-20251108-WA00511-768x764.jpg 768w, https:\/\/elviajero.com.do\/wp-content\/uploads\/2025\/11\/IMG-20251108-WA00511.jpg 900w\" sizes=\"auto, (max-width: 300px) 100vw, 300px\" \/><\/p>\n<p data-start=\"857\" data-end=\"1178\">Cruz M\u00e9ndez exhort\u00f3 a los conductores a <strong data-start=\"897\" data-end=\"1035\">respetar los l\u00edmites de velocidad, no conducir bajo los efectos del alcohol, utilizar el cintur\u00f3n de seguridad y mantener la prudencia<\/strong> en las v\u00edas. \u201cLa prevenci\u00f3n y la responsabilidad son esenciales para salvar vidas y evitar tragedias en las carreteras\u201d, subray\u00f3 el oficial.<\/p>\n<p data-start=\"1180\" data-end=\"1440\">Asimismo, destac\u00f3 que el compromiso de la DIGESETT es velar por la seguridad vial y continuar fortaleciendo su presencia operativa en todo el territorio nacional, especialmente en fechas festivas que generan un incremento considerable del tr\u00e1nsito vehicular.<\/p>\n<p data-start=\"1442\" data-end=\"1719\" data-is-last-node=\"\" data-is-only-node=\"\">El operativo especial se mantendr\u00e1 activo durante todo el fin de semana largo, en coordinaci\u00f3n con el <strong data-start=\"1544\" data-end=\"1590\">Centro de Operaciones de Emergencias (COE)<\/strong> y otras instituciones del sistema de seguridad, con el prop\u00f3sito de asegurar un desplazamiento seguro para todos los ciudadanos.<\/p>\n<p>&nbsp;<\/p>\n","protected":false},"excerpt":{"rendered":"<p>&nbsp; Santo Domingo, RD.Por Rafael Castro \u2013 9 de noviembre de 2025 La Direcci\u00f3n General&#8230;<\/p>\n","protected":false},"author":3,"featured_media":2186,"comment_status":"open","ping_status":"open","sticky":false,"template":"","format":"standard","meta":{"footnotes":""},"categories":[2],"tags":[],"class_list":["post-2185","post","type-post","status-publish","format-standard","has-post-thumbnail","hentry","category-nacionales"],"_links":{"self":[{"href":"https:\/\/elviajero.com.do\/index.php\/wp-json\/wp\/v2\/posts\/2185","targetHints":{"allow":["GET"]}}],"collection":[{"href":"https:\/\/elviajero.com.do\/index.php\/wp-json\/wp\/v2\/posts"}],"about":[{"href":"https:\/\/elviajero.com.do\/index.php\/wp-json\/wp\/v2\/types\/post"}],"author":[{"embeddable":true,"href":"https:\/\/elviajero.com.do\/index.php\/wp-json\/wp\/v2\/users\/3"}],"replies":[{"embeddable":true,"href":"https:\/\/elviajero.com.do\/index.php\/wp-json\/wp\/v2\/comments?post=2185"}],"version-history":[{"count":1,"href":"https:\/\/elviajero.com.do\/index.php\/wp-json\/wp\/v2\/posts\/2185\/revisions"}],"predecessor-version":[{"id":2188,"href":"https:\/\/elviajero.com.do\/index.php\/wp-json\/wp\/v2\/posts\/2185\/revisions\/2188"}],"wp:featuredmedia":[{"embeddable":true,"href":"https:\/\/elviajero.com.do\/index.php\/wp-json\/wp\/v2\/media\/2186"}],"wp:attachment":[{"href":"https:\/\/elviajero.com.do\/index.php\/wp-json\/wp\/v2\/media?parent=2185"}],"wp:term":[{"taxonomy":"category","embeddable":true,"href":"https:\/\/elviajero.com.do\/index.php\/wp-json\/wp\/v2\/categories?post=2185"},{"taxonomy":"post_tag","embeddable":true,"href":"https:\/\/elviajero.com.do\/index.php\/wp-json\/wp\/v2\/tags?post=2185"}],"curies":[{"name":"wp","href":"https:\/\/api.w.org\/{rel}","templated":true}]}}