{"id":2213,"date":"2025-11-10T19:55:07","date_gmt":"2025-11-10T23:55:07","guid":{"rendered":"https:\/\/elviajero.com.do\/?p=2213"},"modified":"2025-11-10T19:55:07","modified_gmt":"2025-11-10T23:55:07","slug":"operaciones-militares-en-el-caribe-provocan-escasez-de-cocaina-y-alza-de-precios-en-puerto-rico","status":"publish","type":"post","link":"https:\/\/elviajero.com.do\/index.php\/2025\/11\/10\/operaciones-militares-en-el-caribe-provocan-escasez-de-cocaina-y-alza-de-precios-en-puerto-rico\/","title":{"rendered":"Operaciones militares en el Caribe provocan escasez de coca\u00edna y alza de precios en Puerto Rico"},"content":{"rendered":"<p data-start=\"115\" data-end=\"576\">San Juan, Puerto Rico.\u2013<\/p>\n<p>El superintendente de la Polic\u00eda, Joseph Gonz\u00e1lez, revel\u00f3 este lunes que las autoridades han detectado una notoria escasez de coca\u00edna en Puerto Rico, atribuida a la disminuci\u00f3n de importaciones tras las recientes operaciones militares en el Caribe.<\/p>\n<p>Este fen\u00f3meno, seg\u00fan explic\u00f3, ha tenido repercusiones directas en el mercado ilegal de drogas de la isla, incluyendo un marcado aumento en los precios del kilo de coca\u00edna.<\/p>\n<p data-start=\"578\" data-end=\"884\">Durante una conferencia de prensa, Gonz\u00e1lez precis\u00f3 que el precio del kilo, que antes rondaba entre los 9,000 y 9,500 d\u00f3lares, se ha disparado a un rango de entre 14,000 y 14,500 d\u00f3lares. \u201cEso significa, en la econom\u00eda de oferta y demanda, que hay menos y los precios suben\u201d, puntualiz\u00f3 el jefe policial.<\/p>\n<p data-start=\"886\" data-end=\"1251\">De acuerdo con estad\u00edsticas suministradas por la Polic\u00eda, los agentes de las Fuerzas Unidas de R\u00e1pida Acci\u00f3n (FURA) \u2014la divisi\u00f3n especializada en operaciones mar\u00edtimas y antidrogas\u2014 ocuparon 16,224 kilos de coca\u00edna durante el a\u00f1o 2024. Sin embargo, en lo que va de 2025, las incautaciones han disminuido considerablemente, con un total de 5,986 kilos decomisados.<\/p>\n<p data-start=\"1253\" data-end=\"1625\">Un dato que ha llamado la atenci\u00f3n de las autoridades es que en septiembre, mes en el que comenzaron las maniobras militares en la regi\u00f3n del Caribe, no se registraron incautaciones de coca\u00edna. En octubre apenas se ocuparon tres kilos, mientras que en noviembre se interceptaron dos cargamentos \u2014uno en Lo\u00edza y otro entre Isabela y Camuy\u2014 que sumaron 211 kilos en total.<\/p>\n<p data-start=\"1627\" data-end=\"1904\">El superintendente Gonz\u00e1lez tambi\u00e9n destac\u00f3 que las organizaciones narcotraficantes han cambiado sus rutas tradicionales. \u201cNo estamos viendo el uso de las rutas usuales desde Colombia y Venezuela, pasando por las Antillas Menores hasta el este y sur de Puerto Rico\u201d, explic\u00f3.<\/p>\n<p data-start=\"1906\" data-end=\"2261\">Asimismo, detall\u00f3 que las rutas provenientes desde Rep\u00fablica Dominicana, que hist\u00f3ricamente serv\u00edan como punto de almacenamiento del contrabando antes de cruzar a la isla por la costa oeste, tambi\u00e9n han sufrido modificaciones. \u201cAhora las embarcaciones navegan hacia el norte, luego al este, y tratan de entrar por la costa norte de Puerto Rico\u201d, se\u00f1al\u00f3.<\/p>\n<p data-start=\"2263\" data-end=\"2533\">Un ejemplo de este nuevo patr\u00f3n fue el cargamento de 142 kilos de coca\u00edna ocupado recientemente entre Isabela y Camuy. Seg\u00fan Gonz\u00e1lez, estos cambios son consecuencia directa de la presencia militar y del refuerzo en la vigilancia mar\u00edtima y a\u00e9rea en el sur del Caribe.<\/p>\n<p data-start=\"2535\" data-end=\"2854\">\u201cSabemos que, por los movimientos en el sur de Puerto Rico y las operaciones internacionales en curso, estas organizaciones criminales han tenido que cambiar la forma en que operan\u201d, concluy\u00f3 el superintendente, quien anteriormente se desempe\u00f1\u00f3 como director del Negociado Federal de Investigaciones (FBI) en la isla.<\/p>\n<p data-start=\"2856\" data-end=\"3088\" data-is-last-node=\"\" data-is-only-node=\"\">Las autoridades mantienen la vigilancia ante la posibilidad de nuevas rutas y m\u00e9todos empleados por los carteles para introducir drogas, mientras las operaciones militares contin\u00faan ejerciendo presi\u00f3n sobre el narcotr\u00e1fico regional.<\/p>\n<p>&nbsp;<\/p>\n","protected":false},"excerpt":{"rendered":"<p>San Juan, Puerto Rico.\u2013 El superintendente de la Polic\u00eda, Joseph Gonz\u00e1lez, revel\u00f3 este lunes que&#8230;<\/p>\n","protected":false},"author":3,"featured_media":2214,"comment_status":"open","ping_status":"open","sticky":false,"template":"","format":"standard","meta":{"footnotes":""},"categories":[4],"tags":[],"class_list":["post-2213","post","type-post","status-publish","format-standard","has-post-thumbnail","hentry","category-internacionales"],"_links":{"self":[{"href":"https:\/\/elviajero.com.do\/index.php\/wp-json\/wp\/v2\/posts\/2213","targetHints":{"allow":["GET"]}}],"collection":[{"href":"https:\/\/elviajero.com.do\/index.php\/wp-json\/wp\/v2\/posts"}],"about":[{"href":"https:\/\/elviajero.com.do\/index.php\/wp-json\/wp\/v2\/types\/post"}],"author":[{"embeddable":true,"href":"https:\/\/elviajero.com.do\/index.php\/wp-json\/wp\/v2\/users\/3"}],"replies":[{"embeddable":true,"href":"https:\/\/elviajero.com.do\/index.php\/wp-json\/wp\/v2\/comments?post=2213"}],"version-history":[{"count":1,"href":"https:\/\/elviajero.com.do\/index.php\/wp-json\/wp\/v2\/posts\/2213\/revisions"}],"predecessor-version":[{"id":2215,"href":"https:\/\/elviajero.com.do\/index.php\/wp-json\/wp\/v2\/posts\/2213\/revisions\/2215"}],"wp:featuredmedia":[{"embeddable":true,"href":"https:\/\/elviajero.com.do\/index.php\/wp-json\/wp\/v2\/media\/2214"}],"wp:attachment":[{"href":"https:\/\/elviajero.com.do\/index.php\/wp-json\/wp\/v2\/media?parent=2213"}],"wp:term":[{"taxonomy":"category","embeddable":true,"href":"https:\/\/elviajero.com.do\/index.php\/wp-json\/wp\/v2\/categories?post=2213"},{"taxonomy":"post_tag","embeddable":true,"href":"https:\/\/elviajero.com.do\/index.php\/wp-json\/wp\/v2\/tags?post=2213"}],"curies":[{"name":"wp","href":"https:\/\/api.w.org\/{rel}","templated":true}]}}