{"id":2216,"date":"2025-11-10T20:11:24","date_gmt":"2025-11-11T00:11:24","guid":{"rendered":"https:\/\/elviajero.com.do\/?p=2216"},"modified":"2025-11-10T20:11:59","modified_gmt":"2025-11-11T00:11:59","slug":"abinader-anuncia-inversion-historica-de-us700-millones-para-modernizar-aeropuertos-dominicanos","status":"publish","type":"post","link":"https:\/\/elviajero.com.do\/index.php\/2025\/11\/10\/abinader-anuncia-inversion-historica-de-us700-millones-para-modernizar-aeropuertos-dominicanos\/","title":{"rendered":"Abinader anuncia inversi\u00f3n hist\u00f3rica de US$700 millones para modernizar aeropuertos dominicanos"},"content":{"rendered":"<p data-start=\"115\" data-end=\"497\">Santo Domingo.\u2013RD<\/p>\n<p>El presidente Luis Abinader anunci\u00f3 este lunes una inversi\u00f3n sin precedentes de 700 millones de d\u00f3lares destinada a la modernizaci\u00f3n y ampliaci\u00f3n de los principales aeropuertos del pa\u00eds, como parte de un ambicioso plan para fortalecer el sector a\u00e9reo nacional y responder a la creciente demanda internacional de vuelos hacia la Rep\u00fablica Dominicana.<\/p>\n<p data-start=\"499\" data-end=\"776\">El mandatario explic\u00f3 que los trabajos se ejecutar\u00e1n entre los a\u00f1os 2025 y 2026, con intervenciones simult\u00e1neas en los aeropuertos Internacional de Punta Cana, Internacional del Cibao y el Aeropuerto Internacional de Las Am\u00e9ricas (AILA), este \u00faltimo ubicado en Santo Domingo.<\/p>\n<p data-start=\"778\" data-end=\"1064\">Abinader destac\u00f3 que las inversiones en Punta Cana y Cibao ser\u00e1n de capital privado, mientras que las mejoras en el AILA se realizar\u00e1n gracias a los fondos provenientes del incremento de las tasas aeroportuarias acordadas entre la empresa concesionaria Aerodom y el Estado dominicano.<\/p>\n<p data-start=\"1066\" data-end=\"1381\">Las obras incluyen la ampliaci\u00f3n de terminales, renovaci\u00f3n de \u00e1reas de embarque y desembarque, as\u00ed como la modernizaci\u00f3n de la infraestructura de apoyo operacional, con el objetivo de elevar los est\u00e1ndares de servicio, optimizar la experiencia de los pasajeros y aumentar la capacidad operativa de las terminales.<\/p>\n<p data-start=\"1383\" data-end=\"1617\">\u201cEstas inversiones permitir\u00e1n atender la creciente demanda de pasajeros y operaciones internacionales, consolidando a la Rep\u00fablica Dominicana como un destino a\u00e9reo estrat\u00e9gico en el Caribe\u201d, subray\u00f3 el presidente durante su anuncio.<\/p>\n<p data-start=\"1619\" data-end=\"1837\">El jefe de Estado resalt\u00f3 adem\u00e1s que el pa\u00eds vive un momento de expansi\u00f3n sin precedentes en su conectividad a\u00e9rea, gracias al aumento de rutas, frecuencias y nuevas aerol\u00edneas que apuestan por el mercado dominicano.<\/p>\n<p data-start=\"1839\" data-end=\"2045\">Con esta inversi\u00f3n, el Gobierno busca no solo reforzar la infraestructura aeroportuaria, sino tambi\u00e9n dinamizar la econom\u00eda y promover el turismo, uno de los pilares fundamentales del desarrollo nacional.<\/p>\n<p data-start=\"2047\" data-end=\"2274\" data-is-last-node=\"\" data-is-only-node=\"\">Seg\u00fan el mandatario, los proyectos representan un paso decisivo hacia la consolidaci\u00f3n de la Rep\u00fablica Dominicana como el principal hub a\u00e9reo del Caribe y un referente regional en servicios aeroportuarios modernos y eficientes.<\/p>\n<p>&nbsp;<\/p>\n","protected":false},"excerpt":{"rendered":"<p>Santo Domingo.\u2013RD El presidente Luis Abinader anunci\u00f3 este lunes una inversi\u00f3n sin precedentes de 700&#8230;<\/p>\n","protected":false},"author":3,"featured_media":2217,"comment_status":"open","ping_status":"open","sticky":false,"template":"","format":"standard","meta":{"footnotes":""},"categories":[5],"tags":[],"class_list":["post-2216","post","type-post","status-publish","format-standard","has-post-thumbnail","hentry","category-portada"],"_links":{"self":[{"href":"https:\/\/elviajero.com.do\/index.php\/wp-json\/wp\/v2\/posts\/2216","targetHints":{"allow":["GET"]}}],"collection":[{"href":"https:\/\/elviajero.com.do\/index.php\/wp-json\/wp\/v2\/posts"}],"about":[{"href":"https:\/\/elviajero.com.do\/index.php\/wp-json\/wp\/v2\/types\/post"}],"author":[{"embeddable":true,"href":"https:\/\/elviajero.com.do\/index.php\/wp-json\/wp\/v2\/users\/3"}],"replies":[{"embeddable":true,"href":"https:\/\/elviajero.com.do\/index.php\/wp-json\/wp\/v2\/comments?post=2216"}],"version-history":[{"count":1,"href":"https:\/\/elviajero.com.do\/index.php\/wp-json\/wp\/v2\/posts\/2216\/revisions"}],"predecessor-version":[{"id":2218,"href":"https:\/\/elviajero.com.do\/index.php\/wp-json\/wp\/v2\/posts\/2216\/revisions\/2218"}],"wp:featuredmedia":[{"embeddable":true,"href":"https:\/\/elviajero.com.do\/index.php\/wp-json\/wp\/v2\/media\/2217"}],"wp:attachment":[{"href":"https:\/\/elviajero.com.do\/index.php\/wp-json\/wp\/v2\/media?parent=2216"}],"wp:term":[{"taxonomy":"category","embeddable":true,"href":"https:\/\/elviajero.com.do\/index.php\/wp-json\/wp\/v2\/categories?post=2216"},{"taxonomy":"post_tag","embeddable":true,"href":"https:\/\/elviajero.com.do\/index.php\/wp-json\/wp\/v2\/tags?post=2216"}],"curies":[{"name":"wp","href":"https:\/\/api.w.org\/{rel}","templated":true}]}}