{"id":2223,"date":"2025-11-10T20:57:10","date_gmt":"2025-11-11T00:57:10","guid":{"rendered":"https:\/\/elviajero.com.do\/?p=2223"},"modified":"2025-11-10T20:57:10","modified_gmt":"2025-11-11T00:57:10","slug":"abinader-anuncia-apertura-del-hub-logistico-de-punta-cana","status":"publish","type":"post","link":"https:\/\/elviajero.com.do\/index.php\/2025\/11\/10\/abinader-anuncia-apertura-del-hub-logistico-de-punta-cana\/","title":{"rendered":"Abinader anuncia apertura del hub log\u00edstico de Punta Cana"},"content":{"rendered":"<p data-start=\"78\" data-end=\"430\">Punta Cana, La Altagracia.\u2013<br data-start=\"120\" data-end=\"123\" \/>\n<\/p>\n<p>El presidente Luis Abinader anunci\u00f3 este lunes que el pr\u00f3ximo mi\u00e9rcoles encabezar\u00e1 la inauguraci\u00f3n del hub log\u00edstico del Aeropuerto Internacional de Punta Cana, una obra que, seg\u00fan afirm\u00f3, fortalecer\u00e1 la competitividad del pa\u00eds y consolidar\u00e1 su liderazgo como centro log\u00edstico del Caribe y Am\u00e9rica Latina.<\/p>\n<p data-start=\"432\" data-end=\"741\">El mandatario ofreci\u00f3 la informaci\u00f3n durante su encuentro semanal con la prensa, <em data-start=\"513\" data-end=\"525\">La Semanal<\/em>, realizado esta vez en Punta Cana.<\/p>\n<p>\u00a0Abinader destac\u00f3 que el proyecto representa un paso clave en la estrategia nacional para impulsar el comercio y el transporte a\u00e9reo, as\u00ed como para atraer inversiones extranjeras.<\/p>\n<p data-start=\"743\" data-end=\"1009\">\u201cYa somos un gran hub log\u00edstico. El pr\u00f3ximo mi\u00e9rcoles inauguraremos el hub log\u00edstico del aeropuerto de Punta Cana, que ser\u00e1 de gran importancia\u201d, subray\u00f3 el presidente al responder preguntas sobre el impacto de las recientes inversiones en el sector aeroportuario.<\/p>\n<p data-start=\"1011\" data-end=\"1378\">El jefe de Estado explic\u00f3 que esta nueva infraestructura se integra a un conjunto de proyectos estrat\u00e9gicos que el Gobierno promueve para diversificar la econom\u00eda dominicana y reforzar su posici\u00f3n geogr\u00e1fica privilegiada.<\/p>\n<p>\u00a0Mencion\u00f3 entre ellos el Puerto de Caucedo y el Puerto de Manzanillo \u2014a\u00fan en proceso de construcci\u00f3n\u2014 como pilares de la red log\u00edstica nacional.<\/p>\n<p data-start=\"1380\" data-end=\"1623\" data-is-last-node=\"\" data-is-only-node=\"\">Con la entrada en operaci\u00f3n del hub log\u00edstico de Punta Cana, Rep\u00fablica Dominicana afianza su papel como punto de conexi\u00f3n regional para el transporte de carga, mercanc\u00edas y servicios, marcando un nuevo hito en el desarrollo econ\u00f3mico del pa\u00eds.<\/p>\n<p>&nbsp;<\/p>\n","protected":false},"excerpt":{"rendered":"<p>Punta Cana, La Altagracia.\u2013 El presidente Luis Abinader anunci\u00f3 este lunes que el pr\u00f3ximo mi\u00e9rcoles&#8230;<\/p>\n","protected":false},"author":3,"featured_media":2224,"comment_status":"open","ping_status":"open","sticky":false,"template":"","format":"standard","meta":{"footnotes":""},"categories":[3],"tags":[],"class_list":["post-2223","post","type-post","status-publish","format-standard","has-post-thumbnail","hentry","category-turismo"],"_links":{"self":[{"href":"https:\/\/elviajero.com.do\/index.php\/wp-json\/wp\/v2\/posts\/2223","targetHints":{"allow":["GET"]}}],"collection":[{"href":"https:\/\/elviajero.com.do\/index.php\/wp-json\/wp\/v2\/posts"}],"about":[{"href":"https:\/\/elviajero.com.do\/index.php\/wp-json\/wp\/v2\/types\/post"}],"author":[{"embeddable":true,"href":"https:\/\/elviajero.com.do\/index.php\/wp-json\/wp\/v2\/users\/3"}],"replies":[{"embeddable":true,"href":"https:\/\/elviajero.com.do\/index.php\/wp-json\/wp\/v2\/comments?post=2223"}],"version-history":[{"count":1,"href":"https:\/\/elviajero.com.do\/index.php\/wp-json\/wp\/v2\/posts\/2223\/revisions"}],"predecessor-version":[{"id":2225,"href":"https:\/\/elviajero.com.do\/index.php\/wp-json\/wp\/v2\/posts\/2223\/revisions\/2225"}],"wp:featuredmedia":[{"embeddable":true,"href":"https:\/\/elviajero.com.do\/index.php\/wp-json\/wp\/v2\/media\/2224"}],"wp:attachment":[{"href":"https:\/\/elviajero.com.do\/index.php\/wp-json\/wp\/v2\/media?parent=2223"}],"wp:term":[{"taxonomy":"category","embeddable":true,"href":"https:\/\/elviajero.com.do\/index.php\/wp-json\/wp\/v2\/categories?post=2223"},{"taxonomy":"post_tag","embeddable":true,"href":"https:\/\/elviajero.com.do\/index.php\/wp-json\/wp\/v2\/tags?post=2223"}],"curies":[{"name":"wp","href":"https:\/\/api.w.org\/{rel}","templated":true}]}}