{"id":2237,"date":"2025-11-11T20:02:14","date_gmt":"2025-11-12T00:02:14","guid":{"rendered":"https:\/\/elviajero.com.do\/?p=2237"},"modified":"2025-11-11T20:02:14","modified_gmt":"2025-11-12T00:02:14","slug":"mp-pide-solicita-cinco-anos-condena-contra-beisbolista-wander-franco-por-abuso-sexual","status":"publish","type":"post","link":"https:\/\/elviajero.com.do\/index.php\/2025\/11\/11\/mp-pide-solicita-cinco-anos-condena-contra-beisbolista-wander-franco-por-abuso-sexual\/","title":{"rendered":"MP pide solicita cinco a\u00f1os condena contra beisbolista Wander Franco por abuso sexual"},"content":{"rendered":"<p>&nbsp;<\/p>\n<p><strong>Puerto Plata, RD.<\/strong> \u2014<\/p>\n<p>El Ministerio P\u00fablico solicit\u00f3 este martes a la Corte de Apelaci\u00f3n de Puerto Plata aumentar de dos a cinco a\u00f1os de prisi\u00f3n la condena impuesta al beisbolista <strong>Wander Samuel Franco Aybar<\/strong>, hallado culpable en primera instancia de abusar psicol\u00f3gica y sexualmente de una adolescente.<\/p>\n<p>Los fiscales <strong>Claudio Alberto Cordero Jim\u00e9nez<\/strong> y <strong>Jos\u00e9 Mart\u00ednez Mont\u00e1n<\/strong>, de la <strong>Procuradur\u00eda Especializada Antilavado de Activos y Financiamiento del Terrorismo<\/strong> y de la <strong>Fiscal\u00eda de Puerto Plata<\/strong>, presentaron la petici\u00f3n ante los jueces del tribunal de alzada <strong>Onasis Pelegr\u00edn, Xiomara Tineo y Juan Suardi<\/strong>, quienes se reservaron el fallo para el pr\u00f3ximo <strong>9 de diciembre de 2025, a las 9:00 de la ma\u00f1ana<\/strong>.<\/p>\n<p>El Ministerio P\u00fablico tambi\u00e9n solicit\u00f3 a la corte <strong>rechazar parcialmente el recurso de apelaci\u00f3n<\/strong> interpuesto por la madre de la adolescente, quien fue condenada a <strong>10 a\u00f1os de prisi\u00f3n<\/strong> por <strong>explotaci\u00f3n sexual comercial y lavado de activos<\/strong>, adem\u00e1s de una multa equivalente a <strong>30 salarios m\u00ednimos<\/strong> y el <strong>decomiso de varios bienes<\/strong>.<\/p>\n<p>Durante la audiencia, los fiscales pidieron al tribunal que dicte una decisi\u00f3n m\u00e1s amplia en lo relativo a la <strong>motivaci\u00f3n del lavado de activos<\/strong>, se\u00f1alando la explotaci\u00f3n sexual como <strong>delito precedente<\/strong>.<\/p>\n<p>El proceso en apelaci\u00f3n surge de la sentencia emitida el <strong>27 de junio de 2025<\/strong> por el <strong>Tribunal Colegiado del Distrito Judicial de Puerto Plata<\/strong>, integrado por los jueces <strong>Jakayra Veras, Venecia Rojas y Jos\u00e9 Juan Jim\u00e9nez<\/strong>, que conden\u00f3 a Franco Aybar a <strong>dos a\u00f1os de prisi\u00f3n con suspensi\u00f3n condicional de la pena<\/strong>, adem\u00e1s del <strong>pago de 10 salarios m\u00ednimos y las costas penales del proceso<\/strong>.<\/p>\n<p>El tribunal determin\u00f3 que el jugador viol\u00f3 el <strong>art\u00edculo 396, letras b y c, del C\u00f3digo para la Protecci\u00f3n y los Derechos Fundamentales de Ni\u00f1os, Ni\u00f1as y Adolescentes (Ley 136-03)<\/strong>, imponi\u00e9ndole como condici\u00f3n <strong>no acercarse a adolescentes con fines sexuales<\/strong>. En caso de incumplimiento, deber\u00e1 cumplir la pena en el <strong>Centro de Correcci\u00f3n y Rehabilitaci\u00f3n (CCR) San Felipe<\/strong>, de Puerto Plata.<\/p>\n<p>Por su parte, la madre de la v\u00edctima deber\u00e1 cumplir su condena en el <strong>CCR Rafey Mujeres<\/strong>, en Santiago. La sentencia en su contra tambi\u00e9n dispone el <strong>decomiso de siete bienes<\/strong> incautados, entre ellos:<\/p>\n<ul>\n<li>Un <strong>solar en Villa Montellano<\/strong> de 600 metros cuadrados.<\/li>\n<li>Un <strong>veh\u00edculo del a\u00f1o 2023<\/strong>.<\/li>\n<li>Un <strong>dep\u00f3sito bancario de RD$2.1 millones<\/strong>.<\/li>\n<li>La suma de <strong>US$68,500 y RD$800,000<\/strong> en efectivo.<\/li>\n<li>Varios <strong>equipos celulares<\/strong> y <strong>valores en cuentas bancarias<\/strong>, inmovilizados por orden judicial.<\/li>\n<\/ul>\n<p>Asimismo, se orden\u00f3 el <strong>pago de las costas penales del proceso<\/strong> en beneficio del Estado dominicano.<\/p>\n<p>Con el recurso presentado, el Ministerio P\u00fablico busca que la Corte de Apelaci\u00f3n imponga una sanci\u00f3n m\u00e1s severa al pelotero, al considerar que la pena dictada en primera instancia no guarda proporci\u00f3n con la gravedad de los hechos cometidos contra la adolescente.<\/p>\n<p>&nbsp;<\/p>\n","protected":false},"excerpt":{"rendered":"<p>&nbsp; Puerto Plata, RD. \u2014 El Ministerio P\u00fablico solicit\u00f3 este martes a la Corte de&#8230;<\/p>\n","protected":false},"author":3,"featured_media":2238,"comment_status":"open","ping_status":"open","sticky":false,"template":"","format":"standard","meta":{"footnotes":""},"categories":[1],"tags":[],"class_list":["post-2237","post","type-post","status-publish","format-standard","has-post-thumbnail","hentry","category-deportes"],"_links":{"self":[{"href":"https:\/\/elviajero.com.do\/index.php\/wp-json\/wp\/v2\/posts\/2237","targetHints":{"allow":["GET"]}}],"collection":[{"href":"https:\/\/elviajero.com.do\/index.php\/wp-json\/wp\/v2\/posts"}],"about":[{"href":"https:\/\/elviajero.com.do\/index.php\/wp-json\/wp\/v2\/types\/post"}],"author":[{"embeddable":true,"href":"https:\/\/elviajero.com.do\/index.php\/wp-json\/wp\/v2\/users\/3"}],"replies":[{"embeddable":true,"href":"https:\/\/elviajero.com.do\/index.php\/wp-json\/wp\/v2\/comments?post=2237"}],"version-history":[{"count":1,"href":"https:\/\/elviajero.com.do\/index.php\/wp-json\/wp\/v2\/posts\/2237\/revisions"}],"predecessor-version":[{"id":2239,"href":"https:\/\/elviajero.com.do\/index.php\/wp-json\/wp\/v2\/posts\/2237\/revisions\/2239"}],"wp:featuredmedia":[{"embeddable":true,"href":"https:\/\/elviajero.com.do\/index.php\/wp-json\/wp\/v2\/media\/2238"}],"wp:attachment":[{"href":"https:\/\/elviajero.com.do\/index.php\/wp-json\/wp\/v2\/media?parent=2237"}],"wp:term":[{"taxonomy":"category","embeddable":true,"href":"https:\/\/elviajero.com.do\/index.php\/wp-json\/wp\/v2\/categories?post=2237"},{"taxonomy":"post_tag","embeddable":true,"href":"https:\/\/elviajero.com.do\/index.php\/wp-json\/wp\/v2\/tags?post=2237"}],"curies":[{"name":"wp","href":"https:\/\/api.w.org\/{rel}","templated":true}]}}