{"id":2242,"date":"2025-11-12T15:56:14","date_gmt":"2025-11-12T19:56:14","guid":{"rendered":"https:\/\/elviajero.com.do\/?p=2242"},"modified":"2025-11-12T15:56:14","modified_gmt":"2025-11-12T19:56:14","slug":"gracia-navidena-2025-sera-la-mayor-de-la-historia-superara-los-5000-dolares-y-beneficiara-a-la-diaspora-dominicana","status":"publish","type":"post","link":"https:\/\/elviajero.com.do\/index.php\/2025\/11\/12\/gracia-navidena-2025-sera-la-mayor-de-la-historia-superara-los-5000-dolares-y-beneficiara-a-la-diaspora-dominicana\/","title":{"rendered":"\u201cGracia Navide\u00f1a\u201d 2025 ser\u00e1 la mayor de la historia: superar\u00e1 los 5,000 d\u00f3lares y beneficiar\u00e1 a la di\u00e1spora dominicana"},"content":{"rendered":"<p><strong>Santo Domingo, RD.<\/strong> \u2014<\/p>\n<p>La tradicional <strong>\u201cGracia Navide\u00f1a\u201d<\/strong> volver\u00e1 este a\u00f1o con m\u00e1s fuerza que nunca. A partir del <strong>1 de diciembre de 2025<\/strong> y hasta el <strong>15 de enero de 2026<\/strong>, los dominicanos residentes en el exterior podr\u00e1n aprovechar una exenci\u00f3n aduanera de <strong>m\u00e1s de cinco mil d\u00f3lares<\/strong>, en lo que el director de Aduanas, <strong>Eduardo \u201cYayo\u201d Sanz Lovat\u00f3n<\/strong>, calific\u00f3 como \u201cla m\u00e1s importante en la historia del pa\u00eds\u201d.<\/p>\n<p>El anuncio oficial ser\u00e1 encabezado por el <strong>presidente Luis Abinader<\/strong>, quien ofrecer\u00e1 los detalles del programa que, como cada a\u00f1o, busca facilitar que los dominicanos ausentes traigan regalos y contribuciones a sus familias durante las festividades navide\u00f1as, sin pagar aranceles de importaci\u00f3n.<\/p>\n<p>Sanz Lovat\u00f3n explic\u00f3 que esta exenci\u00f3n aplica <strong>\u00fanicamente a los dominicanos residentes en el exterior<\/strong>, con al menos <strong>seis meses sin ingresar al pa\u00eds<\/strong>, y no a quienes viajen temporalmente con la intenci\u00f3n de aprovechar la medida para realizar compras.<\/p>\n<p>\u201cLa gracia est\u00e1 dirigida a nuestra di\u00e1spora, a esos dominicanos que viven fuera y que regresan con el deseo de compartir con los suyos\u201d, puntualiz\u00f3 durante el <strong>Almuerzo del Grupo de Comunicaciones Corripio<\/strong>.<\/p>\n<p>El beneficio estar\u00e1 vigente durante <strong>46 d\u00edas<\/strong>, un per\u00edodo que permitir\u00e1 a miles de compatriotas ingresar art\u00edculos sin impuestos, en un gesto de reconocimiento a su aporte constante a la econom\u00eda nacional a trav\u00e9s de las remesas.<\/p>\n<p><strong>Protecci\u00f3n al comercio local<\/strong><\/p>\n<p>Ante la pregunta sobre el posible impacto de la medida en el comercio interno, Sanz Lovat\u00f3n aclar\u00f3 que se adoptar\u00e1n <strong>medidas de control<\/strong> para evitar que la gracia sea utilizada con fines comerciales. \u201cNo se permitir\u00e1 que esta exenci\u00f3n se convierta en una puerta de entrada para mercanc\u00edas destinadas a la venta; su prop\u00f3sito es familiar y patri\u00f3tico\u201d, subray\u00f3.<\/p>\n<p><strong>Posici\u00f3n favorable en negociaciones con Estados Unidos<\/strong><\/p>\n<p>El director de Aduanas tambi\u00e9n abord\u00f3 la situaci\u00f3n de las <strong>negociaciones arancelarias con Estados Unidos<\/strong>, destacando que la Rep\u00fablica Dominicana mantiene uno de los niveles m\u00e1s bajos del \u00e1rea, con un <strong>incremento arancelario del 10%<\/strong>, similar al de pa\u00edses como M\u00e9xico.<\/p>\n<p>Sanz Lovat\u00f3n detall\u00f3 que una <strong>comisi\u00f3n negociadora encabezada por el canciller dominicano<\/strong> contin\u00faa los trabajos en los temas pendientes, en medio de un escenario global donde las tensiones comerciales entre potencias han generado \u201cuna nueva divisi\u00f3n entre los bloques econ\u00f3micos del mundo\u201d.<\/p>\n<p><strong>Exportaciones, motor de la econom\u00eda nacional<\/strong><\/p>\n<p>Durante su intervenci\u00f3n, el funcionario resalt\u00f3 el <strong>crecimiento sostenido de las exportaciones dominicanas<\/strong>, que actualmente alcanzan un promedio mensual de <strong>1,200 millones de d\u00f3lares<\/strong>, casi el doble de lo registrado entre 2018 y 2019.<\/p>\n<p>Atribuy\u00f3 este avance a la <strong>ubicaci\u00f3n estrat\u00e9gica del pa\u00eds<\/strong> y a la <strong>reconfiguraci\u00f3n de las cadenas de suministro internacionales<\/strong>, que ha favorecido la relocalizaci\u00f3n de industrias hacia el Caribe y Am\u00e9rica Latina. \u201cRep\u00fablica Dominicana se ha convertido en un centro log\u00edstico natural y competitivo para las econom\u00edas de Estados Unidos y la Uni\u00f3n Europea\u201d, afirm\u00f3.<\/p>\n<p>Con una econom\u00eda m\u00e1s abierta, exportaciones en ascenso y un trato fiscal especial para los dominicanos en el exterior, la <strong>\u201cGracia Navide\u00f1a 2025\u201d<\/strong> se perfila como un s\u00edmbolo del v\u00ednculo permanente entre la naci\u00f3n y su di\u00e1spora, en una \u00e9poca donde la solidaridad y el reencuentro vuelven a ser el mejor regalo.<\/p>\n<p>&nbsp;<\/p>\n","protected":false},"excerpt":{"rendered":"<p>Santo Domingo, RD. \u2014 La tradicional \u201cGracia Navide\u00f1a\u201d volver\u00e1 este a\u00f1o con m\u00e1s fuerza que&#8230;<\/p>\n","protected":false},"author":3,"featured_media":2243,"comment_status":"open","ping_status":"open","sticky":false,"template":"","format":"standard","meta":{"footnotes":""},"categories":[2],"tags":[],"class_list":["post-2242","post","type-post","status-publish","format-standard","has-post-thumbnail","hentry","category-nacionales"],"_links":{"self":[{"href":"https:\/\/elviajero.com.do\/index.php\/wp-json\/wp\/v2\/posts\/2242","targetHints":{"allow":["GET"]}}],"collection":[{"href":"https:\/\/elviajero.com.do\/index.php\/wp-json\/wp\/v2\/posts"}],"about":[{"href":"https:\/\/elviajero.com.do\/index.php\/wp-json\/wp\/v2\/types\/post"}],"author":[{"embeddable":true,"href":"https:\/\/elviajero.com.do\/index.php\/wp-json\/wp\/v2\/users\/3"}],"replies":[{"embeddable":true,"href":"https:\/\/elviajero.com.do\/index.php\/wp-json\/wp\/v2\/comments?post=2242"}],"version-history":[{"count":1,"href":"https:\/\/elviajero.com.do\/index.php\/wp-json\/wp\/v2\/posts\/2242\/revisions"}],"predecessor-version":[{"id":2244,"href":"https:\/\/elviajero.com.do\/index.php\/wp-json\/wp\/v2\/posts\/2242\/revisions\/2244"}],"wp:featuredmedia":[{"embeddable":true,"href":"https:\/\/elviajero.com.do\/index.php\/wp-json\/wp\/v2\/media\/2243"}],"wp:attachment":[{"href":"https:\/\/elviajero.com.do\/index.php\/wp-json\/wp\/v2\/media?parent=2242"}],"wp:term":[{"taxonomy":"category","embeddable":true,"href":"https:\/\/elviajero.com.do\/index.php\/wp-json\/wp\/v2\/categories?post=2242"},{"taxonomy":"post_tag","embeddable":true,"href":"https:\/\/elviajero.com.do\/index.php\/wp-json\/wp\/v2\/tags?post=2242"}],"curies":[{"name":"wp","href":"https:\/\/api.w.org\/{rel}","templated":true}]}}