{"id":2288,"date":"2025-11-13T17:22:05","date_gmt":"2025-11-13T21:22:05","guid":{"rendered":"https:\/\/elviajero.com.do\/?p=2288"},"modified":"2025-11-13T17:22:24","modified_gmt":"2025-11-13T21:22:24","slug":"abinader-asegura-abastecimiento-y-precios-estables-para-la-navidad","status":"publish","type":"post","link":"https:\/\/elviajero.com.do\/index.php\/2025\/11\/13\/abinader-asegura-abastecimiento-y-precios-estables-para-la-navidad\/","title":{"rendered":"Abinader asegura abastecimiento y precios estables para la Navidad"},"content":{"rendered":"<p>&nbsp;<\/p>\n<p><strong>Santo Domingo.<\/strong>\u2013<\/p>\n<p>El presidente Luis Abinader encabez\u00f3 este mi\u00e9rcoles una reuni\u00f3n de la Mesa de Precios y Abastecimiento con representantes de los sectores industrial, agr\u00edcola y comercial, con el prop\u00f3sito de evaluar la producci\u00f3n nacional y coordinar acciones que garanticen el suministro y la estabilidad de precios durante la pr\u00f3xima temporada navide\u00f1a.<\/p>\n<p>El encuentro, realizado en el Sal\u00f3n Verde del Palacio Nacional y coordinado por el ministro de Industria, Comercio y Mipymes (MICM), V\u00edctor \u201cIto\u201d Bison\u00f3, forma parte de los mecanismos regulares de revisi\u00f3n que mantiene el Gobierno junto al sector privado.<\/p>\n<p>Seg\u00fan explic\u00f3 el mandatario, estas reuniones permiten monitorear el desempe\u00f1o de los principales sectores productivos y fortalecer la articulaci\u00f3n de medidas preventivas.<\/p>\n<p>\u201cEn esta ocasi\u00f3n, quisimos hacerlo para garantizar el abastecimiento y la estabilidad de precios para el pr\u00f3ximo diciembre y las pr\u00f3ximas navidades. Hemos coordinado y estamos de acuerdo en que no habr\u00e1 problemas de desabastecimiento ni en diciembre ni en enero\u201d, afirm\u00f3 Abinader.<\/p>\n<p>Durante la sesi\u00f3n tambi\u00e9n se evaluaron los mercados internacionales y se discutieron estrategias conjuntas para impulsar la producci\u00f3n, el comercio y la competitividad, tanto en el \u00e1mbito agr\u00edcola como en el industrial.<\/p>\n<p><strong>Productores valoran la planificaci\u00f3n<\/strong><\/p>\n<p>Representantes del sector productivo destacaron positivamente las medidas adoptadas por el Gobierno, al considerar que la planificaci\u00f3n anticipada fortalece la confianza entre productores, comerciantes e importadores.<\/p>\n<p>Asimismo, se\u00f1alaron que el di\u00e1logo constante impulsado por el presidente Abinader ha permitido prever eventuales desaf\u00edos log\u00edsticos y adoptar decisiones coordinadas para mantener la estabilidad del mercado interno.<\/p>\n<p>El jefe de Estado reafirm\u00f3 que este tipo de encuentros se enmarca en la pol\u00edtica de di\u00e1logo permanente de su administraci\u00f3n, especialmente en per\u00edodos clave como las festividades navide\u00f1as.<\/p>\n<p>Adem\u00e1s, instruy\u00f3 a los ministerios y entidades competentes a sostener una comunicaci\u00f3n fluida con los sectores agropecuario, industrial y comercial, a fin de garantizar la disponibilidad de productos b\u00e1sicos y brindar apoyo a los productores afectados por los efectos de la tormenta Melissa.<\/p>\n<p>Abinader reiter\u00f3 que la colaboraci\u00f3n p\u00fablico-privada y la coordinaci\u00f3n interinstitucional contin\u00faan siendo pilares esenciales para mantener la estabilidad econ\u00f3mica y la confianza en el pa\u00eds.<\/p>\n<p>&nbsp;<\/p>\n","protected":false},"excerpt":{"rendered":"<p>&nbsp; Santo Domingo.\u2013 El presidente Luis Abinader encabez\u00f3 este mi\u00e9rcoles una reuni\u00f3n de la Mesa&#8230;<\/p>\n","protected":false},"author":3,"featured_media":2289,"comment_status":"open","ping_status":"open","sticky":false,"template":"","format":"standard","meta":{"footnotes":""},"categories":[2],"tags":[],"class_list":["post-2288","post","type-post","status-publish","format-standard","has-post-thumbnail","hentry","category-nacionales"],"_links":{"self":[{"href":"https:\/\/elviajero.com.do\/index.php\/wp-json\/wp\/v2\/posts\/2288","targetHints":{"allow":["GET"]}}],"collection":[{"href":"https:\/\/elviajero.com.do\/index.php\/wp-json\/wp\/v2\/posts"}],"about":[{"href":"https:\/\/elviajero.com.do\/index.php\/wp-json\/wp\/v2\/types\/post"}],"author":[{"embeddable":true,"href":"https:\/\/elviajero.com.do\/index.php\/wp-json\/wp\/v2\/users\/3"}],"replies":[{"embeddable":true,"href":"https:\/\/elviajero.com.do\/index.php\/wp-json\/wp\/v2\/comments?post=2288"}],"version-history":[{"count":1,"href":"https:\/\/elviajero.com.do\/index.php\/wp-json\/wp\/v2\/posts\/2288\/revisions"}],"predecessor-version":[{"id":2290,"href":"https:\/\/elviajero.com.do\/index.php\/wp-json\/wp\/v2\/posts\/2288\/revisions\/2290"}],"wp:featuredmedia":[{"embeddable":true,"href":"https:\/\/elviajero.com.do\/index.php\/wp-json\/wp\/v2\/media\/2289"}],"wp:attachment":[{"href":"https:\/\/elviajero.com.do\/index.php\/wp-json\/wp\/v2\/media?parent=2288"}],"wp:term":[{"taxonomy":"category","embeddable":true,"href":"https:\/\/elviajero.com.do\/index.php\/wp-json\/wp\/v2\/categories?post=2288"},{"taxonomy":"post_tag","embeddable":true,"href":"https:\/\/elviajero.com.do\/index.php\/wp-json\/wp\/v2\/tags?post=2288"}],"curies":[{"name":"wp","href":"https:\/\/api.w.org\/{rel}","templated":true}]}}