{"id":2291,"date":"2025-11-13T17:54:17","date_gmt":"2025-11-13T21:54:17","guid":{"rendered":"https:\/\/elviajero.com.do\/?p=2291"},"modified":"2025-11-13T17:54:22","modified_gmt":"2025-11-13T21:54:22","slug":"presidente-abinader-juramenta-mas-de-2000-mil-nuevos-agentes-policiales","status":"publish","type":"post","link":"https:\/\/elviajero.com.do\/index.php\/2025\/11\/13\/presidente-abinader-juramenta-mas-de-2000-mil-nuevos-agentes-policiales\/","title":{"rendered":"Presidente Abinader juramenta m\u00e1s de 2,000 mil nuevos agentes policiales"},"content":{"rendered":"<p>SANTO DOMINGO.-<\/p>\n<p>El presidente Luis Abinader encabez\u00f3 este jueves la juramentaci\u00f3n de la tercera promoci\u00f3n de 2,421 nuevos agentes de la Polic\u00eda Nacional, alcanzando un total de 6,500 miembros formados bajo el modelo educativo de la Reforma Policial que impulsa el Gobierno.<\/p>\n<p>Tras tomar el juramento, en un acto en la Escuela de Entrenamiento Policial de Hatillo, San Crist\u00f3bal y 147 \u201cHermanas Mirabal\u201d del Campus Gaspar Hern\u00e1ndez, Espaillat, el Jefe de Estado felicit\u00f3 a los padres y madres de los graduandos por el apoyo, sacrificio y dedicaci\u00f3n brindados durante el proceso.<\/p>\n<p>De su lado, la ministra de Interior y Polic\u00eda, Faride Raful, destac\u00f3 la visi\u00f3n de Estado del Presidente y reafirm\u00f3 el compromiso del Gobierno con la equidad, transparencia y modernizaci\u00f3n de la Polic\u00eda Nacional.<\/p>\n<p>Asimismo, celebr\u00f3 que entre los nuevos agentes 1,408 hombres y 1,013 mujeres, una promoci\u00f3n que representa un paso firme hacia la meta de incorporar 20,000 nuevos miembros a la instituci\u00f3n para el a\u00f1o 2028.<\/p>\n<p>La funcionaria inform\u00f3 que de este grupo, 1,800 ser\u00e1n integrados al programa piloto del nuevo modelo de patrullaje que se implementa en distintas zonas del pa\u00eds, donde ser\u00e1n monitoreados y evaluados de forma continua.<\/p>\n<p>\u201cUstedes representan hoy la satisfacci\u00f3n del deber cumplido en una primera etapa y el desaf\u00edo de seguir trabajando para mejorar\u201d,\u00a0 dijo.<\/p>\n<p>La presidenta de la Comisi\u00f3n de Reforma Educativa, Mu-Kien Adriana Sang Ben, explic\u00f3 que su participaci\u00f3n en el proceso de reforma policial responde a la visi\u00f3n del presidente Abinader de fortalecer la educaci\u00f3n continuada dentro de la instituci\u00f3n, un pilar esencial para lograr una transformaci\u00f3n estructural sostenible.<\/p>\n<p>Sang Ben resalt\u00f3 que se han desarrollado m\u00faltiples programas formativos enfocados en derechos humanos y actualizaci\u00f3n profesional, con el apoyo de las polic\u00edas de Chile y Colombia.<\/p>\n<p>Destac\u00f3 que el mandato presidencial se ha cumplido con responsabilidad, avanzando hacia la meta de contar con 20,000 nuevos agentes para 2028 y explic\u00f3 que para abril del pr\u00f3ximo a\u00f1o se espera alcanzar la cifra de 9,000 agentes graduados, lo que representa casi el 50% de la meta establecida.<\/p>\n<p>&nbsp;<\/p>\n","protected":false},"excerpt":{"rendered":"<p>SANTO DOMINGO.- El presidente Luis Abinader encabez\u00f3 este jueves la juramentaci\u00f3n de la tercera promoci\u00f3n&#8230;<\/p>\n","protected":false},"author":3,"featured_media":2292,"comment_status":"open","ping_status":"open","sticky":false,"template":"","format":"standard","meta":{"footnotes":""},"categories":[2],"tags":[],"class_list":["post-2291","post","type-post","status-publish","format-standard","has-post-thumbnail","hentry","category-nacionales"],"_links":{"self":[{"href":"https:\/\/elviajero.com.do\/index.php\/wp-json\/wp\/v2\/posts\/2291","targetHints":{"allow":["GET"]}}],"collection":[{"href":"https:\/\/elviajero.com.do\/index.php\/wp-json\/wp\/v2\/posts"}],"about":[{"href":"https:\/\/elviajero.com.do\/index.php\/wp-json\/wp\/v2\/types\/post"}],"author":[{"embeddable":true,"href":"https:\/\/elviajero.com.do\/index.php\/wp-json\/wp\/v2\/users\/3"}],"replies":[{"embeddable":true,"href":"https:\/\/elviajero.com.do\/index.php\/wp-json\/wp\/v2\/comments?post=2291"}],"version-history":[{"count":1,"href":"https:\/\/elviajero.com.do\/index.php\/wp-json\/wp\/v2\/posts\/2291\/revisions"}],"predecessor-version":[{"id":2293,"href":"https:\/\/elviajero.com.do\/index.php\/wp-json\/wp\/v2\/posts\/2291\/revisions\/2293"}],"wp:featuredmedia":[{"embeddable":true,"href":"https:\/\/elviajero.com.do\/index.php\/wp-json\/wp\/v2\/media\/2292"}],"wp:attachment":[{"href":"https:\/\/elviajero.com.do\/index.php\/wp-json\/wp\/v2\/media?parent=2291"}],"wp:term":[{"taxonomy":"category","embeddable":true,"href":"https:\/\/elviajero.com.do\/index.php\/wp-json\/wp\/v2\/categories?post=2291"},{"taxonomy":"post_tag","embeddable":true,"href":"https:\/\/elviajero.com.do\/index.php\/wp-json\/wp\/v2\/tags?post=2291"}],"curies":[{"name":"wp","href":"https:\/\/api.w.org\/{rel}","templated":true}]}}