{"id":2295,"date":"2025-11-14T15:58:25","date_gmt":"2025-11-14T19:58:25","guid":{"rendered":"https:\/\/elviajero.com.do\/?p=2295"},"modified":"2025-11-14T15:59:06","modified_gmt":"2025-11-14T19:59:06","slug":"abinader-y-la-dea-fortalecen-alianza-antidrogas","status":"publish","type":"post","link":"https:\/\/elviajero.com.do\/index.php\/2025\/11\/14\/abinader-y-la-dea-fortalecen-alianza-antidrogas\/","title":{"rendered":"Abinader y la DEA fortalecen alianza antidrogas"},"content":{"rendered":"<p>Una misi\u00f3n de alto nivel de la Agencia Antidrogas de Estados Unidos (DEA) visit\u00f3 la Rep\u00fablica Dominicana y fue recibida por el presidente Luis Abinader para discutir la colaboraci\u00f3n en la lucha contra el narcotr\u00e1fico en el pa\u00eds y la regi\u00f3n.<\/p>\n<p><strong>La delegaci\u00f3n de la DEA estuvo encabezada por Daniel Salter, Administrador Adjunto Principal, y Miles Aley, Jefe Adjunto de Operaciones Internacionales, junto a otros funcionarios de la agencia.<\/strong><\/p>\n<p>El presidente Abinader agradeci\u00f3 el reconocimiento de los directivos de la DEA y reafirm\u00f3 el compromiso de su gobierno de mantener la colaboraci\u00f3n con Estados Unidos para combatir el tr\u00e1fico internacional de narc\u00f3ticos, el narcoterrorismo y otros il\u00edcitos.<\/p>\n<p>En la reuni\u00f3n con el presidente tambi\u00e9n participaron Michael A. Miranda, Agente Especial de la DEA para la Divisi\u00f3n del Caribe, y Kaleb T. Sanderson, Agregado de la DEA para Rep\u00fablica Dominicana y Hait\u00ed.<\/p>\n<p>Por el lado dominicano, asisti\u00f3 el presidente de la Direcci\u00f3n Nacional de Control de Drogas (DNCD), Vicealmirante Jos\u00e9 M. Cabrera Ulloa.<\/p>\n<p>El mandatario asegur\u00f3 a los funcionarios que la Rep\u00fablica Dominicana continuar\u00e1 siendo un socio clave en los esfuerzos regionales contra el tr\u00e1fico de drogas.<\/p>\n<p>Tras la reuni\u00f3n presidencial, los representantes de la DEA se dirigieron a la sede de la DNCD, donde sostuvieron un encuentro con el Vicealmirante Cabrera Ulloa y la plana mayor del organismo.<\/p>\n<p>Durante esta reuni\u00f3n de trabajo, se acord\u00f3 reforzar la cooperaci\u00f3n binacional, incluyendo la mejora de equipamiento y el intercambio de informaci\u00f3n en tiempo real.<\/p>\n<p>El objetivo es enfrentar las estructuras del narcotr\u00e1fico, haciendo \u00e9nfasis en el Cartel de los Soles y otros grupos criminales que operan en la regi\u00f3n.<\/p>\n<p>Daniel Salter, Administrador Adjunto Principal de la DEA, destac\u00f3 el nivel de colaboraci\u00f3n entre Rep\u00fablica Dominicana y Estados Unidos, se\u00f1alando que esta alianza ha sido exitosa para combatir y desmantelar c\u00e1rteles de drogas dentro de los esfuerzos conjuntos que se desarrollan en el Caribe.<\/p>\n<p>\"Seguiremos fortaleciendo el intercambio de informaci\u00f3n y la cooperaci\u00f3n internacional con todos los pa\u00edses aliados, para desarticular estas estructuras criminales, que intentan llevar inestabilidad a nuestros pueblos\", indic\u00f3 Salter.<\/p>\n<p>Por su parte, el vicealmirante Cabrera Ulloa de la DNCD, valor\u00f3 la confianza de Estados Unidos a trav\u00e9s de la DEA, un factor que ha facilitado la lucha contra el narcotr\u00e1fico y la criminalidad organizada transnacional en la regi\u00f3n.<\/p>\n<p>&nbsp;<\/p>\n<p>&nbsp;<\/p>\n","protected":false},"excerpt":{"rendered":"<p>Una misi\u00f3n de alto nivel de la Agencia Antidrogas de Estados Unidos (DEA) visit\u00f3 la&#8230;<\/p>\n","protected":false},"author":3,"featured_media":2298,"comment_status":"open","ping_status":"open","sticky":false,"template":"","format":"standard","meta":{"footnotes":""},"categories":[2],"tags":[],"class_list":["post-2295","post","type-post","status-publish","format-standard","has-post-thumbnail","hentry","category-nacionales"],"_links":{"self":[{"href":"https:\/\/elviajero.com.do\/index.php\/wp-json\/wp\/v2\/posts\/2295","targetHints":{"allow":["GET"]}}],"collection":[{"href":"https:\/\/elviajero.com.do\/index.php\/wp-json\/wp\/v2\/posts"}],"about":[{"href":"https:\/\/elviajero.com.do\/index.php\/wp-json\/wp\/v2\/types\/post"}],"author":[{"embeddable":true,"href":"https:\/\/elviajero.com.do\/index.php\/wp-json\/wp\/v2\/users\/3"}],"replies":[{"embeddable":true,"href":"https:\/\/elviajero.com.do\/index.php\/wp-json\/wp\/v2\/comments?post=2295"}],"version-history":[{"count":1,"href":"https:\/\/elviajero.com.do\/index.php\/wp-json\/wp\/v2\/posts\/2295\/revisions"}],"predecessor-version":[{"id":2297,"href":"https:\/\/elviajero.com.do\/index.php\/wp-json\/wp\/v2\/posts\/2295\/revisions\/2297"}],"wp:featuredmedia":[{"embeddable":true,"href":"https:\/\/elviajero.com.do\/index.php\/wp-json\/wp\/v2\/media\/2298"}],"wp:attachment":[{"href":"https:\/\/elviajero.com.do\/index.php\/wp-json\/wp\/v2\/media?parent=2295"}],"wp:term":[{"taxonomy":"category","embeddable":true,"href":"https:\/\/elviajero.com.do\/index.php\/wp-json\/wp\/v2\/categories?post=2295"},{"taxonomy":"post_tag","embeddable":true,"href":"https:\/\/elviajero.com.do\/index.php\/wp-json\/wp\/v2\/tags?post=2295"}],"curies":[{"name":"wp","href":"https:\/\/api.w.org\/{rel}","templated":true}]}}