{"id":2329,"date":"2025-11-17T15:21:38","date_gmt":"2025-11-17T19:21:38","guid":{"rendered":"https:\/\/elviajero.com.do\/?p=2329"},"modified":"2025-11-17T15:21:46","modified_gmt":"2025-11-17T19:21:46","slug":"dga-y-ministerio-publico-refuerzan-acciones-contra-el-contrabando-con-taller-especializado-de-actas","status":"publish","type":"post","link":"https:\/\/elviajero.com.do\/index.php\/2025\/11\/17\/dga-y-ministerio-publico-refuerzan-acciones-contra-el-contrabando-con-taller-especializado-de-actas\/","title":{"rendered":"DGA y Ministerio P\u00fablico refuerzan acciones contra el contrabando con taller especializado de actas"},"content":{"rendered":"<p data-start=\"126\" data-end=\"549\">\u00a0Santo Domingo.\u2013 Rep\u00fablica Dominicana<\/p>\n<p>\u00a0El director general de Aduanas, Eduardo (Yayo) Sanz Lovat\u00f3n, y el procurador adjunto, Wilson Camacho, encabezaron el inicio del taller te\u00f3rico-pr\u00e1ctico <strong data-start=\"308\" data-end=\"378\">\u201cRedacci\u00f3n de actas procesales en casos de contrabando de divisas\u201d<\/strong>, una capacitaci\u00f3n destinada a fortalecer las competencias de administradores de aduanas, oficiales y personal t\u00e9cnico involucrado en la persecuci\u00f3n de il\u00edcitos aduaneros.<\/p>\n<p data-start=\"551\" data-end=\"865\">\u00a0Durante el acto, ambos funcionarios resaltaron la importancia de una coordinaci\u00f3n m\u00e1s estrecha entre la Direcci\u00f3n General de Aduanas (DGA) y el Ministerio P\u00fablico para lograr <strong data-start=\"726\" data-end=\"780\">persecuciones m\u00e1s efectivas y sanciones ejemplares<\/strong> en los casos de contrabando de divisas y otros delitos vinculados al fuero aduanero.<\/p>\n<p data-start=\"867\" data-end=\"1367\">Sanz Lovat\u00f3n destac\u00f3 que en los \u00faltimos cinco a\u00f1os la Rep\u00fablica Dominicana ha experimentado <strong data-start=\"959\" data-end=\"991\">profundas reformas jur\u00eddicas<\/strong> en materia aduanera, con la entrada en vigencia de la <strong data-start=\"1046\" data-end=\"1079\">Ley General de Aduanas 168-21<\/strong> y sus reglamentos de aplicaci\u00f3n, promulgados entre 2022 y 2024.<\/p>\n<p>\u00a0Estas transformaciones legales han sido acompa\u00f1adas por la instalaci\u00f3n de <strong data-start=\"1218\" data-end=\"1268\">tecnolog\u00eda de rayos X en puertos y aeropuertos<\/strong>, lo que seg\u00fan afirm\u00f3 ha permitido elevar significativamente la detecci\u00f3n de mercanc\u00edas il\u00edcitas.<\/p>\n<p data-start=\"1369\" data-end=\"1770\">\u201cCon esta introducci\u00f3n de tecnolog\u00eda y con el trabajo que realizan las instituciones paraduanales, los hallazgos en todos estos il\u00edcitos se han disparado incre\u00edblemente.<\/p>\n<p>Las estad\u00edsticas nos han tra\u00eddo reconocimiento internacional. Esta es la continuidad del trabajo que hemos iniciado y que debemos seguir impulsando, porque la lucha contra los il\u00edcitos nunca termina\u201d, expres\u00f3 el titular de Aduanas.<\/p>\n<p data-start=\"1772\" data-end=\"2019\">De su lado, el procurador adjunto Wilson Camacho subray\u00f3 que esta coordinaci\u00f3n entre ambas entidades permitir\u00e1 <strong data-start=\"1883\" data-end=\"1909\">una mejor articulaci\u00f3n<\/strong> entre las funciones administrativas de la DGA y las responsabilidades persecutorias del Ministerio P\u00fablico.<\/p>\n<p data-start=\"2021\" data-end=\"2485\">Camacho se\u00f1al\u00f3 que la correcta elaboraci\u00f3n de las actas procesales es esencial para sustentar medidas de coerci\u00f3n, formular acusaciones y lograr condenas en los tribunales.<\/p>\n<p>\u201cCuando ocurren delitos, lo ideal es que las personas que cometen infracciones terminen respondiendo ante la justicia. El llenado de esas actas es el insumo con el que solicitamos una medida de coerci\u00f3n, formulamos la acusaci\u00f3n y luego vamos a los tribunales a procurar sanciones\u201d, afirm\u00f3.<\/p>\n<p data-start=\"2487\" data-end=\"2786\" data-is-last-node=\"\" data-is-only-node=\"\">La capacitaci\u00f3n fue organizada por la <strong data-start=\"2525\" data-end=\"2597\">Unidad de Prevenci\u00f3n y Persecuci\u00f3n del Contrabando Il\u00edcito de Bienes<\/strong> y la <strong data-start=\"2603\" data-end=\"2637\">Consultor\u00eda Jur\u00eddica de la DGA<\/strong>, como parte de las acciones permanentes para elevar la efectividad contra el contrabando y fortalecer la seguridad del comercio exterior en el pa\u00eds.<\/p>\n<p>&nbsp;<\/p>\n","protected":false},"excerpt":{"rendered":"<p>\u00a0Santo Domingo.\u2013 Rep\u00fablica Dominicana \u00a0El director general de Aduanas, Eduardo (Yayo) Sanz Lovat\u00f3n, y el&#8230;<\/p>\n","protected":false},"author":3,"featured_media":2330,"comment_status":"open","ping_status":"open","sticky":false,"template":"","format":"standard","meta":{"footnotes":""},"categories":[2],"tags":[],"class_list":["post-2329","post","type-post","status-publish","format-standard","has-post-thumbnail","hentry","category-nacionales"],"_links":{"self":[{"href":"https:\/\/elviajero.com.do\/index.php\/wp-json\/wp\/v2\/posts\/2329","targetHints":{"allow":["GET"]}}],"collection":[{"href":"https:\/\/elviajero.com.do\/index.php\/wp-json\/wp\/v2\/posts"}],"about":[{"href":"https:\/\/elviajero.com.do\/index.php\/wp-json\/wp\/v2\/types\/post"}],"author":[{"embeddable":true,"href":"https:\/\/elviajero.com.do\/index.php\/wp-json\/wp\/v2\/users\/3"}],"replies":[{"embeddable":true,"href":"https:\/\/elviajero.com.do\/index.php\/wp-json\/wp\/v2\/comments?post=2329"}],"version-history":[{"count":2,"href":"https:\/\/elviajero.com.do\/index.php\/wp-json\/wp\/v2\/posts\/2329\/revisions"}],"predecessor-version":[{"id":2332,"href":"https:\/\/elviajero.com.do\/index.php\/wp-json\/wp\/v2\/posts\/2329\/revisions\/2332"}],"wp:featuredmedia":[{"embeddable":true,"href":"https:\/\/elviajero.com.do\/index.php\/wp-json\/wp\/v2\/media\/2330"}],"wp:attachment":[{"href":"https:\/\/elviajero.com.do\/index.php\/wp-json\/wp\/v2\/media?parent=2329"}],"wp:term":[{"taxonomy":"category","embeddable":true,"href":"https:\/\/elviajero.com.do\/index.php\/wp-json\/wp\/v2\/categories?post=2329"},{"taxonomy":"post_tag","embeddable":true,"href":"https:\/\/elviajero.com.do\/index.php\/wp-json\/wp\/v2\/tags?post=2329"}],"curies":[{"name":"wp","href":"https:\/\/api.w.org\/{rel}","templated":true}]}}