{"id":2344,"date":"2025-11-17T16:48:58","date_gmt":"2025-11-17T20:48:58","guid":{"rendered":"https:\/\/elviajero.com.do\/?p=2344"},"modified":"2025-11-17T16:49:05","modified_gmt":"2025-11-17T20:49:05","slug":"adocco-asegura-abinader-no-violaria-constitucion-al-mantener-a-guzman-peralta-en-la-policia","status":"publish","type":"post","link":"https:\/\/elviajero.com.do\/index.php\/2025\/11\/17\/adocco-asegura-abinader-no-violaria-constitucion-al-mantener-a-guzman-peralta-en-la-policia\/","title":{"rendered":"Adocco asegura Abinader no violar\u00eda Constituci\u00f3n al mantener a Guzm\u00e1n Peralta en la Polic\u00eda"},"content":{"rendered":"<p><strong>\u00a0 Santo Domingo<\/strong>, RD.<\/p>\n<p>La Alianza Dominicana Contra la Corrupci\u00f3n (Adocco) asegur\u00f3 este lunes que el presidente Luis Abinader no estar\u00eda infringiendo los mandatos establecidos en la Constituci\u00f3n si decide mantener al mayor general Ram\u00f3n Antonio Guzm\u00e1n Peralta en la Direcci\u00f3n de la Polic\u00eda Nacional.<\/p>\n<p>El presidente de Adocco, Julio Cesar de la Rosa Tiburso, aclar\u00f3 que el art\u00edculo 128 de la Constituci\u00f3n no dicta un per\u00edodo m\u00e1ximo para la permanencia de un servidor p\u00fablico cuando dirige una instituci\u00f3n o un ministerio dependiente del Poder Ejecutivo.<\/p>\n<p>De la Rosa entiende inoportuno que Guzm\u00e1n Peralta sea removido del cargo, ya que podr\u00eda afectar el proceso de transformaci\u00f3n institucional realizado en el cuerpo policial.<\/p>\n<p>Es por esta raz\u00f3n que el representante de Adocco consider\u00f3 \u201csaludable\u201d que el mandatario Abinader mantenga en el puesto a Guzm\u00e1n Peralta.<\/p>\n<p>\"Lo m\u00e1s saludable es que el presidente de la rep\u00fablica extienda el plazo establecido para la direcci\u00f3n del actual director de la Polic\u00eda&#8230; con esto no estar\u00eda violando la constituci\u00f3n\", dijo al ser entrevistado por reporteros.<\/p>\n<p>De la Rosa expres\u00f3 que algunas organizaciones de la sociedad civil consideran que el trabajo realizado por el actual director de la Polic\u00eda no debe ser desconocido a causa del tiempo indicado en la ley.<\/p>\n<p>\"La ley limita los derechos del presidente\"<\/p>\n<p>De la Rosa manifest\u00f3 que el art\u00edculo 23 de la Ley Org\u00e1nica 590-16 de la Polic\u00eda Nacional est\u00e1 representando un l\u00edmite inconstitucional para el ejercicio de las funciones del presidente de la Rep\u00fablica.<\/p>\n<p>\"Esto es contrario a la constituci\u00f3n porque est\u00e1 limitando a ejercer sus prerrogativas de designar o mantener a un servidor p\u00fablico, sea este civil o militar\", dijo.<\/p>\n<p>Adem\u00e1s, record\u00f3 que las leyes org\u00e1nicas tienen un rango inferior al de la Carta Magna.<\/p>\n<p>\"El legislador, al momento de aprobar la ley, no previ\u00f3 que esta disposici\u00f3n que establece un per\u00edodo de una entidad para que su director permanezca en ella, pues le est\u00e1 limitando los derechos constitucionales al presidente de la Rep\u00fablica\", precis\u00f3.<\/p>\n<p>&nbsp;<\/p>\n","protected":false},"excerpt":{"rendered":"<p>\u00a0 Santo Domingo, RD. La Alianza Dominicana Contra la Corrupci\u00f3n (Adocco) asegur\u00f3 este lunes que&#8230;<\/p>\n","protected":false},"author":3,"featured_media":2345,"comment_status":"open","ping_status":"open","sticky":false,"template":"","format":"standard","meta":{"footnotes":""},"categories":[2],"tags":[],"class_list":["post-2344","post","type-post","status-publish","format-standard","has-post-thumbnail","hentry","category-nacionales"],"_links":{"self":[{"href":"https:\/\/elviajero.com.do\/index.php\/wp-json\/wp\/v2\/posts\/2344","targetHints":{"allow":["GET"]}}],"collection":[{"href":"https:\/\/elviajero.com.do\/index.php\/wp-json\/wp\/v2\/posts"}],"about":[{"href":"https:\/\/elviajero.com.do\/index.php\/wp-json\/wp\/v2\/types\/post"}],"author":[{"embeddable":true,"href":"https:\/\/elviajero.com.do\/index.php\/wp-json\/wp\/v2\/users\/3"}],"replies":[{"embeddable":true,"href":"https:\/\/elviajero.com.do\/index.php\/wp-json\/wp\/v2\/comments?post=2344"}],"version-history":[{"count":1,"href":"https:\/\/elviajero.com.do\/index.php\/wp-json\/wp\/v2\/posts\/2344\/revisions"}],"predecessor-version":[{"id":2346,"href":"https:\/\/elviajero.com.do\/index.php\/wp-json\/wp\/v2\/posts\/2344\/revisions\/2346"}],"wp:featuredmedia":[{"embeddable":true,"href":"https:\/\/elviajero.com.do\/index.php\/wp-json\/wp\/v2\/media\/2345"}],"wp:attachment":[{"href":"https:\/\/elviajero.com.do\/index.php\/wp-json\/wp\/v2\/media?parent=2344"}],"wp:term":[{"taxonomy":"category","embeddable":true,"href":"https:\/\/elviajero.com.do\/index.php\/wp-json\/wp\/v2\/categories?post=2344"},{"taxonomy":"post_tag","embeddable":true,"href":"https:\/\/elviajero.com.do\/index.php\/wp-json\/wp\/v2\/tags?post=2344"}],"curies":[{"name":"wp","href":"https:\/\/api.w.org\/{rel}","templated":true}]}}