{"id":2386,"date":"2025-11-19T15:27:19","date_gmt":"2025-11-19T19:27:19","guid":{"rendered":"https:\/\/elviajero.com.do\/?p=2386"},"modified":"2025-11-19T15:27:55","modified_gmt":"2025-11-19T19:27:55","slug":"academia-aerea-de-la-fard-conquista-el-primer-lugar-en-los-juegos-deportivos-de-cadetes-y-guardiamarinas-2025","status":"publish","type":"post","link":"https:\/\/elviajero.com.do\/index.php\/2025\/11\/19\/academia-aerea-de-la-fard-conquista-el-primer-lugar-en-los-juegos-deportivos-de-cadetes-y-guardiamarinas-2025\/","title":{"rendered":"\u00a0  \u00a0Academia A\u00e9rea de la FARD conquista el primer lugar en los Juegos Deportivos de Cadetes y Guardiamarinas 2025"},"content":{"rendered":"<p>&nbsp;<\/p>\n<p><em>Por Rafael Castro<\/em><br \/>\n<em>Santo Domingo, RD<\/em><\/p>\n<p>La Academia A\u00e9rea \u201cGeneral de Brigada Piloto Frank Andr\u00e9s Feliz Miranda\u201d, de la Fuerza A\u00e9rea de Rep\u00fablica Dominicana (FARD), se coron\u00f3 campeona absoluta de la XXVIII edici\u00f3n de los Juegos Deportivos de Cadetes y Guardiamarinas 2025, consolidando nuevamente su dominio en esta tradicional competencia militar.<\/p>\n<p>La ceremonia de clausura, realizada en el Polideportivo de la Base A\u00e9rea San Isidro, estuvo encabezada por el ministro de Defensa, teniente general Carlos Antonio Fern\u00e1ndez Onofre, ERD, quien valor\u00f3 el compromiso, la disciplina y la hermandad demostrada por cada una de las academias participantes.<\/p>\n<p>Al acto asistieron destacados miembros del Estado Mayor General de las Fuerzas Armadas, el comandante general de la FARD, el rector de la Universidad Nacional para la Defensa (UNADE), el presidente de la Confederaci\u00f3n Deportiva de las Fuerzas Armadas y la Polic\u00eda Nacional, oficiales generales y superiores, adem\u00e1s de otras autoridades militares.<\/p>\n<p>El ministro de Defensa, acompa\u00f1ado del general de brigada Jos\u00e9 Manuel Dur\u00e1n Ynfante, ERD, presidente de la Confederaci\u00f3n Deportiva, entreg\u00f3 la copa de campeones a la delegaci\u00f3n ganadora.<\/p>\n<p>El mayor general piloto Floreal Su\u00e1rez Mart\u00ednez, FARD, comandante general de la Fuerza A\u00e9rea, recibi\u00f3 el trofeo en compa\u00f1\u00eda del coronel piloto Francisco De los Santos \u00c1lvarez, FARD (DEM). Ambos oficiales alzaron la copa entre aplausos, celebrando un triunfo que reafirma la fortaleza deportiva y el esp\u00edritu competitivo de la instituci\u00f3n.<\/p>\n<p>Con esta victoria, la Fuerza A\u00e9rea alcanza su <strong>copa n\u00famero 13<\/strong> en la historia de los Juegos Deportivos de Cadetes y Guardiamarinas, cifra que la consolida como una de las academias m\u00e1s exitosas del certamen.<\/p>\n<p>El segundo lugar fue conquistado por la Academia Militar \u201cBatalla de Las Carreras\u201d, del Ej\u00e9rcito de Rep\u00fablica Dominicana, mientras que la Escuela para Cadetes General (r) Jos\u00e9 Rafael Hermida Gonz\u00e1lez, de la Polic\u00eda Nacional, obtuvo el tercer puesto, destac\u00e1ndose por su entrega y superaci\u00f3n en diversas disciplinas.<\/p>\n<p><strong>Atletas sobresalientes de la edici\u00f3n 2025<\/strong><\/p>\n<p>Durante la jornada de clausura tambi\u00e9n fueron reconocidos los atletas m\u00e1s destacados del evento. <strong>Mejor atleta masculino:<\/strong> Cadete de tercer a\u00f1o Roberto Mariscal Cubilla, FARD, ganador de m\u00faltiples medallas en diferentes categor\u00edas, cuya versatilidad y rendimiento fueron determinantes para sumar puntos a su academia.<\/p>\n<p><strong>Mejor atleta femenina:<\/strong> Cadete de segundo a\u00f1o Esther Mezquita, ERD, premiada por su extraordinario desempe\u00f1o en competencias de nataci\u00f3n y pruebas de relevos, demostrando t\u00e9cnica, velocidad y consistencia.<\/p>\n<p>Los Juegos Deportivos de Cadetes y Guardiamarinas, que re\u00fanen a representantes de las academias de las Fuerzas Armadas y la Polic\u00eda Nacional, buscan promover la disciplina, el trabajo en equipo y la sana competitividad entre los futuros oficiales.<\/p>\n<p>La edici\u00f3n de este a\u00f1o se caracteriz\u00f3 por una mayor participaci\u00f3n, escenarios renovados y un ambiente de camarader\u00eda que fortaleci\u00f3 los lazos entre las instituciones.<\/p>\n<p>Las autoridades militares coincidieron en que este evento contin\u00faa siendo un pilar esencial en la formaci\u00f3n integral de los cadetes y guardiamarinas, fomentando valores, liderazgo y esp\u00edritu deportivo.<\/p>\n<p>Con el triunfo de 2025, la Fuerza A\u00e9rea de Rep\u00fablica Dominicana escribe otro cap\u00edtulo destacado en su trayectoria deportiva, reafirmando su compromiso con la excelencia y la preparaci\u00f3n f\u00edsica de sus futuros oficiales.<\/p>\n<p>&nbsp;<\/p>\n","protected":false},"excerpt":{"rendered":"<p>&nbsp; Por Rafael Castro Santo Domingo, RD La Academia A\u00e9rea \u201cGeneral de Brigada Piloto Frank&#8230;<\/p>\n","protected":false},"author":3,"featured_media":2387,"comment_status":"open","ping_status":"open","sticky":false,"template":"","format":"standard","meta":{"footnotes":""},"categories":[1],"tags":[],"class_list":["post-2386","post","type-post","status-publish","format-standard","has-post-thumbnail","hentry","category-deportes"],"_links":{"self":[{"href":"https:\/\/elviajero.com.do\/index.php\/wp-json\/wp\/v2\/posts\/2386","targetHints":{"allow":["GET"]}}],"collection":[{"href":"https:\/\/elviajero.com.do\/index.php\/wp-json\/wp\/v2\/posts"}],"about":[{"href":"https:\/\/elviajero.com.do\/index.php\/wp-json\/wp\/v2\/types\/post"}],"author":[{"embeddable":true,"href":"https:\/\/elviajero.com.do\/index.php\/wp-json\/wp\/v2\/users\/3"}],"replies":[{"embeddable":true,"href":"https:\/\/elviajero.com.do\/index.php\/wp-json\/wp\/v2\/comments?post=2386"}],"version-history":[{"count":1,"href":"https:\/\/elviajero.com.do\/index.php\/wp-json\/wp\/v2\/posts\/2386\/revisions"}],"predecessor-version":[{"id":2388,"href":"https:\/\/elviajero.com.do\/index.php\/wp-json\/wp\/v2\/posts\/2386\/revisions\/2388"}],"wp:featuredmedia":[{"embeddable":true,"href":"https:\/\/elviajero.com.do\/index.php\/wp-json\/wp\/v2\/media\/2387"}],"wp:attachment":[{"href":"https:\/\/elviajero.com.do\/index.php\/wp-json\/wp\/v2\/media?parent=2386"}],"wp:term":[{"taxonomy":"category","embeddable":true,"href":"https:\/\/elviajero.com.do\/index.php\/wp-json\/wp\/v2\/categories?post=2386"},{"taxonomy":"post_tag","embeddable":true,"href":"https:\/\/elviajero.com.do\/index.php\/wp-json\/wp\/v2\/tags?post=2386"}],"curies":[{"name":"wp","href":"https:\/\/api.w.org\/{rel}","templated":true}]}}