{"id":2416,"date":"2025-11-21T14:37:37","date_gmt":"2025-11-21T18:37:37","guid":{"rendered":"https:\/\/elviajero.com.do\/?p=2416"},"modified":"2025-11-21T16:01:57","modified_gmt":"2025-11-21T20:01:57","slug":"la-jac-aprueba-800-vuelos-regulares-y-charter-de-emergencia-desviados-desde-jamaica-por-huracan-melissa","status":"publish","type":"post","link":"https:\/\/elviajero.com.do\/index.php\/2025\/11\/21\/la-jac-aprueba-800-vuelos-regulares-y-charter-de-emergencia-desviados-desde-jamaica-por-huracan-melissa\/","title":{"rendered":"La JAC aprueba 800 vuelos regulares y charter de emergencia desviados desde Jamaica por hurac\u00e1n Melissa"},"content":{"rendered":"<p><strong>Rafael Castro<\/strong><br \/>\n<strong>21 de noviembre de 2025<\/strong><br \/>\n<strong>Aeropuerto Internacional Las Am\u00e9ricas, AILA<\/strong><\/p>\n<p>La Rep\u00fablica Dominicana se prepara para recibir un flujo extraordinario de visitantes tras los severos da\u00f1os causados por el hurac\u00e1n Melissa en Jamaica, Bahamas, Cuba y Hait\u00ed. El presidente de la Junta de Aviaci\u00f3n Civil (JAC), H\u00e9ctor Porcella, revel\u00f3 que el organismo autoriz\u00f3 <strong>800 vuelos regulares y ch\u00e1rter de emergencia<\/strong> para atender la inesperada demanda en plena temporada alta.<\/p>\n<p>\u201cTodo ese turismo est\u00e1 redireccion\u00e1ndose hacia Rep\u00fablica Dominicana\u201d, afirm\u00f3 Porcella durante un encuentro navide\u00f1o con los periodistas aeroportuarios, al explicar que miles de viajeros con reservas en los destinos afectados ser\u00e1n trasladados hacia el pa\u00eds debido al colapso de sus infraestructuras tur\u00edsticas.<\/p>\n<p>El funcionario calific\u00f3 de lamentable la devastaci\u00f3n provocada por el fen\u00f3meno natural, pero destac\u00f3 que el pa\u00eds est\u00e1 listo para absorber el incremento de pasajeros en las pr\u00f3ximas semanas.<\/p>\n<p>El funcionario hizo sus declaraciones en el marco de un almuerzao navide\u00f1o realizado con los periodistas que cubren la fuente del aeropuerto Internacional de Las Americas, Jose Francisco Pe\u00f1a G\u00f3mez.<\/p>\n<p><img loading=\"lazy\" decoding=\"async\" class=\"alignnone size-medium wp-image-2421\" src=\"https:\/\/elviajero.com.do\/wp-content\/uploads\/2025\/11\/IMG-20251121-WA0079-1-225x300.jpg\" alt=\"\" width=\"225\" height=\"300\" srcset=\"https:\/\/elviajero.com.do\/wp-content\/uploads\/2025\/11\/IMG-20251121-WA0079-1-225x300.jpg 225w, https:\/\/elviajero.com.do\/wp-content\/uploads\/2025\/11\/IMG-20251121-WA0079-1-768x1024.jpg 768w, https:\/\/elviajero.com.do\/wp-content\/uploads\/2025\/11\/IMG-20251121-WA0079-1.jpg 960w\" sizes=\"auto, (max-width: 225px) 100vw, 225px\" \/><\/p>\n<p>&nbsp;<\/p>\n<p>&nbsp;<\/p>\n<p><strong>Operaciones a\u00e9reas en r\u00e9cord hist\u00f3rico<\/strong><\/p>\n<p>Porcella inform\u00f3 que entre 2020 y 2024 se cerr\u00f3 135 mil operaciones de vuelo, mientras que para el 2020-2025 se proyecta superar las <strong>140 mil<\/strong> al cierre de diciembre.<\/p>\n<p>Hasta el 31 de septiembre se hab\u00edan movilizado m\u00e1s de <strong>14 millones de pasajeros<\/strong>, y la proyecci\u00f3n para final del 2025 es sobrepasar los <strong>19 millones<\/strong> de entradas y salidas por los aeropuertos nacionales.<\/p>\n<p><strong>Un ICAN hist\u00f3rico para la aviaci\u00f3n dominicana<\/strong><\/p>\n<p>Durante su intervenci\u00f3n, Porcella tambi\u00e9n resalt\u00f3 los resultados sin precedentes obtenidos por el pa\u00eds en el <strong>ICAN 2025<\/strong>, el evento de negociaci\u00f3n aeron\u00e1utica m\u00e1s importante del mundo, organizado por la OACI y celebrado por primera vez en territorio dominicano.<\/p>\n<p>Al encuentro asistieron 98 pa\u00edses y m\u00e1s de 600 delegados. La delegaci\u00f3n dominicana complet\u00f3 <strong>35 rondas de negociaci\u00f3n<\/strong>, de las cuales <strong>20 concluyeron en acuerdos bilaterales<\/strong>, un r\u00e9cord absoluto para el pa\u00eds.<\/p>\n<p>Con estas nuevas firmas, la Rep\u00fablica Dominicana pas\u00f3 de <strong>73 a 93 acuerdos a\u00e9reos<\/strong>, consolid\u00e1ndose como una potencia regional. Actualmente, el pa\u00eds es el <strong>segundo con mejor conectividad de Latinoam\u00e9rica<\/strong>, con <strong>414 rutas activas<\/strong>.<\/p>\n<p>\u201cUna isla peque\u00f1a como esta, hoy es un gigante en aviaci\u00f3n en el Caribe y la regi\u00f3n\u201d, expres\u00f3 Porcella.<\/p>\n<p><strong>Hacia nuevas rutas y mayor conectividad<\/strong><\/p>\n<p>El titular de la JAC explic\u00f3 que los acuerdos del ICAN no abren rutas de inmediato, pero s\u00ed crean el marco legal para su posterior operaci\u00f3n comercial.<br \/>\n\u201cAhora viene la apertura de nuevas rutas producto de estos acuerdos. Son libertades del aire que har\u00e1n la conexi\u00f3n m\u00e1s eficiente\u201d, dijo.<\/p>\n<p>Entre los avances m\u00e1s destacados, la JAC firm\u00f3 un acuerdo con <strong>Qatar<\/strong>, que permitir\u00e1 iniciar una ruta directa Qatar\u2013Punta Cana. Comenzar\u00e1 con operaciones de carga y, una vez Qatar reciba nuevos aviones, iniciar\u00e1n vuelos de pasajeros en un plazo aproximado de seis meses. Esto abrir\u00eda la puerta a conexiones con Singapur, Dub\u00e1i, Kuala Lumpur y otros destinos del Golfo y Asia.<\/p>\n<p>Sobre Rusia, Porcella asegur\u00f3 que existen avances, pero la reactivaci\u00f3n de vuelos depende a\u00fan del panorama geopol\u00edtico. \u201cEstamos muy cerca, pero es un tema de Estado\u201d, aclar\u00f3.<\/p>\n<p><strong>Pol\u00edtica de Cielos Abiertos en la gesti\u00f3n Abinader<\/strong><\/p>\n<p>Durante los \u00faltimos cinco a\u00f1os, bajo la administraci\u00f3n del presidente Luis Abinader, se han firmado o renovado <strong>50 acuerdos a\u00e9reos<\/strong>, como parte de una pol\u00edtica de cielos abiertos que busca liberalizar el espacio a\u00e9reo y potenciar la conectividad del pa\u00eds.<\/p>\n<p><strong>Plan especial para la temporada navide\u00f1a<\/strong><\/p>\n<p>Porcella anunci\u00f3 que, aunque la JAC no puede otorgar \u201cgracia navide\u00f1a\u201d, el Comit\u00e9 Nacional de Facilitaci\u00f3n ejecutar\u00e1 un operativo especial entre Aduanas, Migraci\u00f3n, CESAC, IDAC y el Departamento Aeroportuario para agilizar los flujos de pasajeros en diciembre, enero y febrero.<\/p>\n<p>Con 800 vuelos adicionales autorizados, r\u00e9cords de conectividad y nuevas oportunidades a\u00e9reas internacionales, la Rep\u00fablica Dominicana se reafirma en 2025 como un <strong>centro regional de aviaci\u00f3n<\/strong> y el principal refugio tur\u00edstico del Caribe tras el impacto del hurac\u00e1n Melissa.<img loading=\"lazy\" decoding=\"async\" class=\"alignnone size-medium wp-image-2420\" src=\"https:\/\/elviajero.com.do\/wp-content\/uploads\/2025\/11\/IMG-20251121-WA0079-225x300.jpg\" alt=\"\" width=\"225\" height=\"300\" srcset=\"https:\/\/elviajero.com.do\/wp-content\/uploads\/2025\/11\/IMG-20251121-WA0079-225x300.jpg 225w, https:\/\/elviajero.com.do\/wp-content\/uploads\/2025\/11\/IMG-20251121-WA0079-768x1024.jpg 768w, https:\/\/elviajero.com.do\/wp-content\/uploads\/2025\/11\/IMG-20251121-WA0079.jpg 960w\" sizes=\"auto, (max-width: 225px) 100vw, 225px\" \/><\/p>\n","protected":false},"excerpt":{"rendered":"<p>Rafael Castro 21 de noviembre de 2025 Aeropuerto Internacional Las Am\u00e9ricas, AILA La Rep\u00fablica Dominicana&#8230;<\/p>\n","protected":false},"author":3,"featured_media":2417,"comment_status":"open","ping_status":"open","sticky":false,"template":"","format":"standard","meta":{"footnotes":""},"categories":[5,3],"tags":[],"class_list":["post-2416","post","type-post","status-publish","format-standard","has-post-thumbnail","hentry","category-portada","category-turismo"],"_links":{"self":[{"href":"https:\/\/elviajero.com.do\/index.php\/wp-json\/wp\/v2\/posts\/2416","targetHints":{"allow":["GET"]}}],"collection":[{"href":"https:\/\/elviajero.com.do\/index.php\/wp-json\/wp\/v2\/posts"}],"about":[{"href":"https:\/\/elviajero.com.do\/index.php\/wp-json\/wp\/v2\/types\/post"}],"author":[{"embeddable":true,"href":"https:\/\/elviajero.com.do\/index.php\/wp-json\/wp\/v2\/users\/3"}],"replies":[{"embeddable":true,"href":"https:\/\/elviajero.com.do\/index.php\/wp-json\/wp\/v2\/comments?post=2416"}],"version-history":[{"count":3,"href":"https:\/\/elviajero.com.do\/index.php\/wp-json\/wp\/v2\/posts\/2416\/revisions"}],"predecessor-version":[{"id":2422,"href":"https:\/\/elviajero.com.do\/index.php\/wp-json\/wp\/v2\/posts\/2416\/revisions\/2422"}],"wp:featuredmedia":[{"embeddable":true,"href":"https:\/\/elviajero.com.do\/index.php\/wp-json\/wp\/v2\/media\/2417"}],"wp:attachment":[{"href":"https:\/\/elviajero.com.do\/index.php\/wp-json\/wp\/v2\/media?parent=2416"}],"wp:term":[{"taxonomy":"category","embeddable":true,"href":"https:\/\/elviajero.com.do\/index.php\/wp-json\/wp\/v2\/categories?post=2416"},{"taxonomy":"post_tag","embeddable":true,"href":"https:\/\/elviajero.com.do\/index.php\/wp-json\/wp\/v2\/tags?post=2416"}],"curies":[{"name":"wp","href":"https:\/\/api.w.org\/{rel}","templated":true}]}}