{"id":2426,"date":"2025-11-21T17:00:43","date_gmt":"2025-11-21T21:00:43","guid":{"rendered":"https:\/\/elviajero.com.do\/?p=2426"},"modified":"2025-11-21T17:00:43","modified_gmt":"2025-11-21T21:00:43","slug":"asca-celebra-su-13-a-investidura-y-suma-37-nuevos-profesionales-a-la-aviacion-dominicana","status":"publish","type":"post","link":"https:\/\/elviajero.com.do\/index.php\/2025\/11\/21\/asca-celebra-su-13-a-investidura-y-suma-37-nuevos-profesionales-a-la-aviacion-dominicana\/","title":{"rendered":"ASCA celebra su 13.\u00aa investidura y suma 37 nuevos profesionales a la aviaci\u00f3n dominicana"},"content":{"rendered":"<p data-start=\"106\" data-end=\"175\"><strong>\u00a0Rafael Castro<br data-start=\"135\" data-end=\"138\" \/>21 de noviembre<br data-start=\"153\" data-end=\"156\" \/>Punta Caucedo, RD<\/strong><\/p>\n<p data-start=\"177\" data-end=\"629\">La Academia Superior de Ciencias Aeron\u00e1uticas (ASCA), \u00f3rgano formativo del Instituto Dominicano de Aviaci\u00f3n Civil (IDAC), volvi\u00f3 a vestirse de gala este jueves al graduar a 37 nuevos profesionales en la carrera de T\u00e9cnico Superior en Administraci\u00f3n Aeron\u00e1utica, durante su d\u00e9cimo tercera investidura ordinaria. Con esta nueva promoci\u00f3n, la entidad acad\u00e9mica alcanza la cifra de 519 egresados que hoy nutren y fortalecen el sistema aeron\u00e1utico nacional.<\/p>\n<p data-start=\"631\" data-end=\"1209\">El director general del IDAC, Igor Rodr\u00edguez Dur\u00e1n, encabez\u00f3 la ceremonia y destac\u00f3 el compromiso de la instituci\u00f3n con la preparaci\u00f3n de recursos humanos altamente capacitados para un sector que calific\u00f3 como \u201cde alt\u00edsima exigencia y responsabilidad\u201d.<br data-start=\"883\" data-end=\"886\" \/>\u00abEl mejor futuro de la aviaci\u00f3n civil lo estamos trabajando desde nuestra academia\u00bb, afirm\u00f3, subrayando que el crecimiento del sector ha superado los 20 millones de pasajeros transportados en 2025, consolid\u00e1ndose como uno de los pilares de la econom\u00eda nacional y motor del turismo, el comercio y la competitividad del pa\u00eds.<\/p>\n<p data-start=\"1211\" data-end=\"1492\">Rodr\u00edguez Dur\u00e1n detall\u00f3 que, de los 519 profesionales formados por la ASCA, 252 pertenecen a la carrera de T\u00e9cnico Superior en Administraci\u00f3n Aeron\u00e1utica (TSAA), mientras que 267 corresponden a la especialidad de T\u00e9cnico Superior en Control de Tr\u00e1nsito A\u00e9reo en Aer\u00f3dromo (TSCTAA).<\/p>\n<p data-start=\"1494\" data-end=\"1992\">El acto cont\u00f3 tambi\u00e9n con la participaci\u00f3n del ministro de la Presidencia, Jos\u00e9 Ignacio Paliza, quien valor\u00f3 el empe\u00f1o y disciplina demostrados por los nuevos graduandos.<br data-start=\"1664\" data-end=\"1667\" \/>\n<\/p>\n<p>Felicit\u00f3 a los j\u00f3venes por \u00abservir de ejemplo\u00bb y por contribuir al fortalecimiento del sector aeron\u00e1utico y del turismo local, \u00e1reas claves para el desarrollo econ\u00f3mico impulsado por el presidente Luis Abinader.<br data-start=\"1878\" data-end=\"1881\" \/>\u00abLa consolidaci\u00f3n de nuestro pa\u00eds y nuestra econom\u00eda depende mucho de hombres y mujeres como ustedes\u00bb, expres\u00f3.<\/p>\n<p>La directora de la ASCA, Clara Fern\u00e1ndez, resalt\u00f3 el esfuerzo del cuerpo docente y la dedicaci\u00f3n de los estudiantes, reafirmando la misi\u00f3n institucional de continuar aportando al pa\u00eds profesionales de excelencia.<br data-start=\"2206\" data-end=\"2209\" \/><br \/>\n\u201cHoy nos vestimos de gala una vez m\u00e1s para celebrar nuestro mayor activo: 37 nuevos profesionales preparados para insertarse laboralmente en la industria aeron\u00e1utica y contribuir en su desarrollo y competitividad\u00bb, se\u00f1al\u00f3.<\/p>\n<p data-start=\"2433\" data-end=\"2761\">Durante la ceremonia fueron reconocidos los estudiantes con los m\u00e1s altos \u00edndices acad\u00e9micos. Astrid Massiel Agramonte Almonte obtuvo la distinci\u00f3n Summa Cum Laude con un \u00edndice de 3.98, seguida por Joan Silvio Encarnaci\u00f3n D\u2019Oleo (3.97) y Ana Carolina Castellanos Suriel (3.91), quienes tambi\u00e9n recibieron menciones honor\u00edficas.<\/p>\n<p data-start=\"2763\" data-end=\"2985\" data-is-last-node=\"\" data-is-only-node=\"\">La investidura concluy\u00f3 con un llamado un\u00e1nime a los nuevos profesionales para asumir con responsabilidad y compromiso su rol dentro de una industria que sigue en expansi\u00f3n y que demanda cada vez m\u00e1s niveles de excelencia.<\/p>\n<p>&nbsp;<\/p>\n","protected":false},"excerpt":{"rendered":"<p>\u00a0Rafael Castro21 de noviembrePunta Caucedo, RD La Academia Superior de Ciencias Aeron\u00e1uticas (ASCA), \u00f3rgano formativo&#8230;<\/p>\n","protected":false},"author":3,"featured_media":2427,"comment_status":"open","ping_status":"open","sticky":false,"template":"","format":"standard","meta":{"footnotes":""},"categories":[5],"tags":[],"class_list":["post-2426","post","type-post","status-publish","format-standard","has-post-thumbnail","hentry","category-portada"],"_links":{"self":[{"href":"https:\/\/elviajero.com.do\/index.php\/wp-json\/wp\/v2\/posts\/2426","targetHints":{"allow":["GET"]}}],"collection":[{"href":"https:\/\/elviajero.com.do\/index.php\/wp-json\/wp\/v2\/posts"}],"about":[{"href":"https:\/\/elviajero.com.do\/index.php\/wp-json\/wp\/v2\/types\/post"}],"author":[{"embeddable":true,"href":"https:\/\/elviajero.com.do\/index.php\/wp-json\/wp\/v2\/users\/3"}],"replies":[{"embeddable":true,"href":"https:\/\/elviajero.com.do\/index.php\/wp-json\/wp\/v2\/comments?post=2426"}],"version-history":[{"count":1,"href":"https:\/\/elviajero.com.do\/index.php\/wp-json\/wp\/v2\/posts\/2426\/revisions"}],"predecessor-version":[{"id":2428,"href":"https:\/\/elviajero.com.do\/index.php\/wp-json\/wp\/v2\/posts\/2426\/revisions\/2428"}],"wp:featuredmedia":[{"embeddable":true,"href":"https:\/\/elviajero.com.do\/index.php\/wp-json\/wp\/v2\/media\/2427"}],"wp:attachment":[{"href":"https:\/\/elviajero.com.do\/index.php\/wp-json\/wp\/v2\/media?parent=2426"}],"wp:term":[{"taxonomy":"category","embeddable":true,"href":"https:\/\/elviajero.com.do\/index.php\/wp-json\/wp\/v2\/categories?post=2426"},{"taxonomy":"post_tag","embeddable":true,"href":"https:\/\/elviajero.com.do\/index.php\/wp-json\/wp\/v2\/tags?post=2426"}],"curies":[{"name":"wp","href":"https:\/\/api.w.org\/{rel}","templated":true}]}}