{"id":2436,"date":"2025-11-22T17:49:05","date_gmt":"2025-11-22T21:49:05","guid":{"rendered":"https:\/\/elviajero.com.do\/?p=2436"},"modified":"2025-11-22T17:49:24","modified_gmt":"2025-11-22T21:49:24","slug":"la-autoridades-refuerzan-plan-de-movilidad-por-concierto-de-bad-bunny-este-sabado","status":"publish","type":"post","link":"https:\/\/elviajero.com.do\/index.php\/2025\/11\/22\/la-autoridades-refuerzan-plan-de-movilidad-por-concierto-de-bad-bunny-este-sabado\/","title":{"rendered":"La autoridades refuerzan plan de movilidad por concierto de Bad Bunny este s\u00e1bado"},"content":{"rendered":"<p data-start=\"92\" data-end=\"488\">Santo Domingo.\u2013<\/p>\n<p>\u00a0Las autoridades del Gabinete de Transporte, en coordinaci\u00f3n con el Instituto Nacional de Tr\u00e1nsito y Transporte Terrestre (INTRANT) y la Direcci\u00f3n General de Seguridad de Tr\u00e1nsito y Transporte Terrestre (DIGESETT), informaron que este s\u00e1bado 22 de noviembre continuar\u00e1 en marcha el operativo especial dispuesto por el concierto de Bad Bunny en el Centro Ol\u00edmpico Juan Pablo Duarte.<\/p>\n<p data-start=\"490\" data-end=\"875\">\u00a0El plan, activado desde horas de la tarde del viernes, busca mitigar el congestionamiento vehicular en el entorno del complejo deportivo, ante la masiva asistencia prevista para la presentaci\u00f3n del artista puertorrique\u00f1o.<\/p>\n<p>\u00a0Las autoridades reiteraron que desde las <strong data-start=\"753\" data-end=\"773\">3:00 de la tarde<\/strong> estar\u00e1n vigentes varias rutas alternas recomendadas para los conductores que no se dirijan al evento.<\/p>\n<p data-start=\"877\" data-end=\"1404\">Entre estas v\u00edas figuran las avenidas <strong data-start=\"915\" data-end=\"1004\">M\u00e9xico, Abraham Lincoln, Independencia, George Washington, Delgado y Leopoldo Navarro<\/strong>, las cuales permitir\u00e1n desviar el flujo que normalmente cruza por la zona de impacto directo del Centro Ol\u00edmpico.<\/p>\n<p><img loading=\"lazy\" decoding=\"async\" class=\"alignnone size-medium wp-image-2438\" src=\"https:\/\/elviajero.com.do\/wp-content\/uploads\/2025\/11\/IMG-20251122-WA00361-236x300.jpg\" alt=\"\" width=\"236\" height=\"300\" srcset=\"https:\/\/elviajero.com.do\/wp-content\/uploads\/2025\/11\/IMG-20251122-WA00361-236x300.jpg 236w, https:\/\/elviajero.com.do\/wp-content\/uploads\/2025\/11\/IMG-20251122-WA00361-805x1024.jpg 805w, https:\/\/elviajero.com.do\/wp-content\/uploads\/2025\/11\/IMG-20251122-WA00361-768x977.jpg 768w, https:\/\/elviajero.com.do\/wp-content\/uploads\/2025\/11\/IMG-20251122-WA00361-1208x1536.jpg 1208w, https:\/\/elviajero.com.do\/wp-content\/uploads\/2025\/11\/IMG-20251122-WA00361-1024x1302.jpg 1024w, https:\/\/elviajero.com.do\/wp-content\/uploads\/2025\/11\/IMG-20251122-WA00361.jpg 1258w\" sizes=\"auto, (max-width: 236px) 100vw, 236px\" \/><\/p>\n<p>De igual modo, se mantienen las <strong data-start=\"1151\" data-end=\"1187\">restricciones de estacionamiento<\/strong> en puntos neur\u00e1lgicos como las avenidas <strong data-start=\"1228\" data-end=\"1294\">M\u00e1ximo G\u00f3mez, 27 de Febrero, John F. Kennedy y Ortega y Gasset<\/strong>, esto con el fin de evitar taponamientos y mejorar la capacidad de maniobra de los equipos de seguridad vial.<\/p>\n<p data-start=\"1406\" data-end=\"1629\">Las autoridades recordaron adem\u00e1s que el <strong data-start=\"1447\" data-end=\"1536\">acceso vehicular al interior del Centro Ol\u00edmpico permanecer\u00e1 estrictamente controlado<\/strong>, y que solo se permitir\u00e1 la entrada de unidades autorizadas y de apoyo log\u00edstico del evento.<\/p>\n<p data-start=\"1631\" data-end=\"1969\">Para garantizar el orden, la DIGESETT confirm\u00f3 el despliegue de <strong data-start=\"1695\" data-end=\"1717\">m\u00e1s de 200 agentes<\/strong> que estar\u00e1n distribuidos estrat\u00e9gicamente en intersecciones y corredores clave.<\/p>\n<p>\u00a0Su labor ser\u00e1 dirigir el tr\u00e1nsito, asistir a los conductores, velar por la seguridad vial y asegurar el cumplimiento de las medidas adoptadas para este operativo especial.<\/p>\n<p data-start=\"1971\" data-end=\"2275\" data-is-last-node=\"\" data-is-only-node=\"\">El Gabinete de Transporte agradeci\u00f3 la colaboraci\u00f3n de los ciudadanos y exhort\u00f3 a planificar los desplazamientos con tiempo, utilizar las rutas alternas y seguir las indicaciones del personal en servicio, con el objetivo de mantener la fluidez y reducir las molestias durante el desarrollo del concierto.<\/p>\n<p>&nbsp;<\/p>\n","protected":false},"excerpt":{"rendered":"<p>Santo Domingo.\u2013 \u00a0Las autoridades del Gabinete de Transporte, en coordinaci\u00f3n con el Instituto Nacional de&#8230;<\/p>\n","protected":false},"author":3,"featured_media":2437,"comment_status":"open","ping_status":"open","sticky":false,"template":"","format":"standard","meta":{"footnotes":""},"categories":[2],"tags":[],"class_list":["post-2436","post","type-post","status-publish","format-standard","has-post-thumbnail","hentry","category-nacionales"],"_links":{"self":[{"href":"https:\/\/elviajero.com.do\/index.php\/wp-json\/wp\/v2\/posts\/2436","targetHints":{"allow":["GET"]}}],"collection":[{"href":"https:\/\/elviajero.com.do\/index.php\/wp-json\/wp\/v2\/posts"}],"about":[{"href":"https:\/\/elviajero.com.do\/index.php\/wp-json\/wp\/v2\/types\/post"}],"author":[{"embeddable":true,"href":"https:\/\/elviajero.com.do\/index.php\/wp-json\/wp\/v2\/users\/3"}],"replies":[{"embeddable":true,"href":"https:\/\/elviajero.com.do\/index.php\/wp-json\/wp\/v2\/comments?post=2436"}],"version-history":[{"count":2,"href":"https:\/\/elviajero.com.do\/index.php\/wp-json\/wp\/v2\/posts\/2436\/revisions"}],"predecessor-version":[{"id":2440,"href":"https:\/\/elviajero.com.do\/index.php\/wp-json\/wp\/v2\/posts\/2436\/revisions\/2440"}],"wp:featuredmedia":[{"embeddable":true,"href":"https:\/\/elviajero.com.do\/index.php\/wp-json\/wp\/v2\/media\/2437"}],"wp:attachment":[{"href":"https:\/\/elviajero.com.do\/index.php\/wp-json\/wp\/v2\/media?parent=2436"}],"wp:term":[{"taxonomy":"category","embeddable":true,"href":"https:\/\/elviajero.com.do\/index.php\/wp-json\/wp\/v2\/categories?post=2436"},{"taxonomy":"post_tag","embeddable":true,"href":"https:\/\/elviajero.com.do\/index.php\/wp-json\/wp\/v2\/tags?post=2436"}],"curies":[{"name":"wp","href":"https:\/\/api.w.org\/{rel}","templated":true}]}}