{"id":2469,"date":"2025-11-24T19:34:05","date_gmt":"2025-11-24T23:34:05","guid":{"rendered":"https:\/\/elviajero.com.do\/?p=2469"},"modified":"2025-11-24T19:34:05","modified_gmt":"2025-11-24T23:34:05","slug":"aerodom-avanza-en-pago-de-multa-por-apagon-en-el-aila","status":"publish","type":"post","link":"https:\/\/elviajero.com.do\/index.php\/2025\/11\/24\/aerodom-avanza-en-pago-de-multa-por-apagon-en-el-aila\/","title":{"rendered":"Aerodom avanza en pago de multa por apag\u00f3n en el AILA"},"content":{"rendered":"<p>&nbsp;<\/p>\n<p data-start=\"78\" data-end=\"159\"><strong data-start=\"78\" data-end=\"95\">Rafael Castro<\/strong><br data-start=\"95\" data-end=\"98\" \/><strong data-start=\"98\" data-end=\"117\">24 de noviembre<\/strong><br data-start=\"117\" data-end=\"120\" \/><strong data-start=\"120\" data-end=\"159\">Santo Domingo, Rep\u00fablica Dominicana<\/strong><\/p>\n<p data-start=\"161\" data-end=\"495\">El presidente Luis Abinader inform\u00f3 este lunes que la empresa Aeropuertos Dominicanos Siglo XXI (Aerodom) ya se encuentra en proceso de cumplir con el pago de la multa de <strong data-start=\"332\" data-end=\"361\">cinco millones de d\u00f3lares<\/strong> impuesta por el Gobierno tras el apag\u00f3n que afect\u00f3 recientemente las operaciones del Aeropuerto Internacional de Las Am\u00e9ricas (AILA).<\/p>\n<p data-start=\"497\" data-end=\"766\">Durante <em data-start=\"505\" data-end=\"531\">LA Semanal con la Prensa<\/em>, el mandatario fue cuestionado sobre si la concesionaria hab\u00eda realizado el pago. Abinader explic\u00f3 que, seg\u00fan los reportes de las autoridades aeroportuarias, el tr\u00e1mite avanza dentro de los procedimientos administrativos establecidos.<\/p>\n<p data-start=\"768\" data-end=\"963\">\u201cCreo que est\u00e1n en el proceso del pago, buscando las maneras burocr\u00e1ticas. Eso nos inform\u00f3 la semana pasada el director V\u00edctor Pichardo, de la Direcci\u00f3n Aeroportuaria\u201d, precis\u00f3 el jefe de Estado.<\/p>\n<p data-start=\"965\" data-end=\"1349\">La sanci\u00f3n millonaria fue impuesta luego de que una investigaci\u00f3n preliminar determinara que la falla el\u00e9ctrica en el AILA se origin\u00f3 por el colapso de una celda-seccionadora de media tensi\u00f3n en la terminal norte y por la indisponibilidad del circuito de respaldo. De acuerdo con la Comisi\u00f3n Aeroportuaria, ambos elementos colocan la responsabilidad total del incidente sobre Aerodom.<\/p>\n<p data-start=\"1351\" data-end=\"1788\">El apag\u00f3n dej\u00f3 la terminal sin capacidad de procesar pasajeros hasta horas de la tarde, afectando vuelos, usuarios y operaciones a\u00e9reas.<\/p>\n<p>\u00a0Adem\u00e1s de la multa, el Gobierno instruy\u00f3 a la concesionaria a asumir los costos ocasionados a pasajeros y aerol\u00edneas, as\u00ed como a ejecutar en un plazo m\u00e1ximo de tres meses una intervenci\u00f3n estructural del sistema el\u00e9ctrico del aeropuerto para incrementar su confiabilidad y evitar episodios similares.<\/p>\n<p data-start=\"1790\" data-end=\"2053\" data-is-last-node=\"\" data-is-only-node=\"\">Las autoridades aclararon que durante el incidente <strong data-start=\"1841\" data-end=\"1894\">no hubo p\u00e9rdida del suministro el\u00e9ctrico nacional<\/strong>, y que las plantas internas del aeropuerto estaban disponibles, por lo que el fallo se produjo en un punto interno bajo la responsabilidad directa de Aerodom.<\/p>\n<p>&nbsp;<\/p>\n<p>&nbsp;<\/p>\n","protected":false},"excerpt":{"rendered":"<p>&nbsp; Rafael Castro24 de noviembreSanto Domingo, Rep\u00fablica Dominicana El presidente Luis Abinader inform\u00f3 este lunes&#8230;<\/p>\n","protected":false},"author":3,"featured_media":2470,"comment_status":"open","ping_status":"open","sticky":false,"template":"","format":"standard","meta":{"footnotes":""},"categories":[5],"tags":[],"class_list":["post-2469","post","type-post","status-publish","format-standard","has-post-thumbnail","hentry","category-portada"],"_links":{"self":[{"href":"https:\/\/elviajero.com.do\/index.php\/wp-json\/wp\/v2\/posts\/2469","targetHints":{"allow":["GET"]}}],"collection":[{"href":"https:\/\/elviajero.com.do\/index.php\/wp-json\/wp\/v2\/posts"}],"about":[{"href":"https:\/\/elviajero.com.do\/index.php\/wp-json\/wp\/v2\/types\/post"}],"author":[{"embeddable":true,"href":"https:\/\/elviajero.com.do\/index.php\/wp-json\/wp\/v2\/users\/3"}],"replies":[{"embeddable":true,"href":"https:\/\/elviajero.com.do\/index.php\/wp-json\/wp\/v2\/comments?post=2469"}],"version-history":[{"count":1,"href":"https:\/\/elviajero.com.do\/index.php\/wp-json\/wp\/v2\/posts\/2469\/revisions"}],"predecessor-version":[{"id":2471,"href":"https:\/\/elviajero.com.do\/index.php\/wp-json\/wp\/v2\/posts\/2469\/revisions\/2471"}],"wp:featuredmedia":[{"embeddable":true,"href":"https:\/\/elviajero.com.do\/index.php\/wp-json\/wp\/v2\/media\/2470"}],"wp:attachment":[{"href":"https:\/\/elviajero.com.do\/index.php\/wp-json\/wp\/v2\/media?parent=2469"}],"wp:term":[{"taxonomy":"category","embeddable":true,"href":"https:\/\/elviajero.com.do\/index.php\/wp-json\/wp\/v2\/categories?post=2469"},{"taxonomy":"post_tag","embeddable":true,"href":"https:\/\/elviajero.com.do\/index.php\/wp-json\/wp\/v2\/tags?post=2469"}],"curies":[{"name":"wp","href":"https:\/\/api.w.org\/{rel}","templated":true}]}}