{"id":2485,"date":"2025-11-25T17:22:52","date_gmt":"2025-11-25T21:22:52","guid":{"rendered":"https:\/\/elviajero.com.do\/?p=2485"},"modified":"2025-11-25T17:27:32","modified_gmt":"2025-11-25T21:27:32","slug":"sombras-en-loma-malena-rescate-entre-disparos-y-silencio","status":"publish","type":"post","link":"https:\/\/elviajero.com.do\/index.php\/2025\/11\/25\/sombras-en-loma-malena-rescate-entre-disparos-y-silencio\/","title":{"rendered":"La polic\u00eda rescata a dos personas en Loma Malena de Pedro Brand"},"content":{"rendered":"<p data-start=\"73\" data-end=\"132\"><strong data-start=\"73\" data-end=\"95\">Por Lorenzo Fabi\u00e1n<\/strong><br data-start=\"95\" data-end=\"98\" \/><em data-start=\"98\" data-end=\"132\">Especial para El Viajero Digital<\/em><\/p>\n<p data-start=\"134\" data-end=\"538\">La madrugada a\u00fan no hab\u00eda roto del todo cuando la tensi\u00f3n comenz\u00f3 a disiparse en la zona rural de Loma Malena, en La Cuaba, Pedro Brand. All\u00ed, entre matorrales espesos y caminos que parecen tragarse el eco, la Polic\u00eda Nacional culmin\u00f3 una operaci\u00f3n que mantuvo en vilo a varias unidades de investigaci\u00f3n: el rescate de dos personas secuestradas en hechos separados ocurridos los d\u00edas 19 y 20 de este mes.<\/p>\n<p data-start=\"540\" data-end=\"919\">Durante d\u00edas, los agentes de la Direcci\u00f3n Central de Investigaci\u00f3n caminaron en la sombra. Vigilancia encubierta, rastreo de comunicaciones y seguimientos silenciosos fueron acerc\u00e1ndolos al punto donde los captores manten\u00edan cautivas a Nayleny Rossel y Wilmi Contreras de los Santos, cuyas im\u00e1genes hab\u00edan sido difundidas por sus secuestradores como cruel herramienta de presi\u00f3n.<\/p>\n<p data-start=\"921\" data-end=\"1301\">El cerco se cerr\u00f3 cuando los investigadores confirmaron el escondite. En el instante decisivo, la calma del campo se quebr\u00f3 en un intercambio de disparos.<\/p>\n<p>\u00a0Uno de los vigilantes de la guarida cay\u00f3 abatido: un hombre conocido como <em data-start=\"1150\" data-end=\"1167\">El Flaco Diente<\/em>, cuya identidad formal no pudo ser verificada al no portar documentos. A su lado, una pistola que ahora se somete a an\u00e1lisis forense.<\/p>\n<p data-start=\"1303\" data-end=\"1567\">Las v\u00edctimas, encontradas bajo evidente estado de tensi\u00f3n, fueron trasladadas a manos de personal m\u00e9dico. Despu\u00e9s, deber\u00e1n ofrecer sus relatos a los investigadores, piezas clave para comprender el funcionamiento de la estructura criminal que las mantuvo retenidas.<\/p>\n<p data-start=\"1569\" data-end=\"1848\">Mientras tanto, otro de los integrantes del grupo, Dalgeny de Jes\u00fas, de apenas 21 a\u00f1os, logr\u00f3 escapar en medio del caos. Las autoridades lo se\u00f1alan como miembro activo de la banda y le hicieron un llamado directo a entregarse antes de que el cerco termine por alcanzarlo tambi\u00e9n.<\/p>\n<p data-start=\"1850\" data-end=\"2293\" data-is-last-node=\"\" data-is-only-node=\"\">La Polic\u00eda, junto al Ministerio P\u00fablico, ampl\u00eda el mapa de esta red delictiva. Siguen pistas, examinan rutas, conexiones y posibles ramificaciones para determinar si estos secuestros forman parte de una serie mayor de hechos vinculados a extorsiones recientes.<\/p>\n<p>\u00a0Las autoridades prometen ofrecer m\u00e1s detalles conforme avancen las pesquisas, mientras en Loma Malena vuelve el silencio\u2026 ese silencio que, por unos d\u00edas, ocult\u00f3 un mundo de sombras.<\/p>\n<p>&nbsp;<\/p>\n","protected":false},"excerpt":{"rendered":"<p>Por Lorenzo Fabi\u00e1nEspecial para El Viajero Digital La madrugada a\u00fan no hab\u00eda roto del todo&#8230;<\/p>\n","protected":false},"author":3,"featured_media":2486,"comment_status":"open","ping_status":"open","sticky":false,"template":"","format":"standard","meta":{"footnotes":""},"categories":[2],"tags":[],"class_list":["post-2485","post","type-post","status-publish","format-standard","has-post-thumbnail","hentry","category-nacionales"],"_links":{"self":[{"href":"https:\/\/elviajero.com.do\/index.php\/wp-json\/wp\/v2\/posts\/2485","targetHints":{"allow":["GET"]}}],"collection":[{"href":"https:\/\/elviajero.com.do\/index.php\/wp-json\/wp\/v2\/posts"}],"about":[{"href":"https:\/\/elviajero.com.do\/index.php\/wp-json\/wp\/v2\/types\/post"}],"author":[{"embeddable":true,"href":"https:\/\/elviajero.com.do\/index.php\/wp-json\/wp\/v2\/users\/3"}],"replies":[{"embeddable":true,"href":"https:\/\/elviajero.com.do\/index.php\/wp-json\/wp\/v2\/comments?post=2485"}],"version-history":[{"count":3,"href":"https:\/\/elviajero.com.do\/index.php\/wp-json\/wp\/v2\/posts\/2485\/revisions"}],"predecessor-version":[{"id":2489,"href":"https:\/\/elviajero.com.do\/index.php\/wp-json\/wp\/v2\/posts\/2485\/revisions\/2489"}],"wp:featuredmedia":[{"embeddable":true,"href":"https:\/\/elviajero.com.do\/index.php\/wp-json\/wp\/v2\/media\/2486"}],"wp:attachment":[{"href":"https:\/\/elviajero.com.do\/index.php\/wp-json\/wp\/v2\/media?parent=2485"}],"wp:term":[{"taxonomy":"category","embeddable":true,"href":"https:\/\/elviajero.com.do\/index.php\/wp-json\/wp\/v2\/categories?post=2485"},{"taxonomy":"post_tag","embeddable":true,"href":"https:\/\/elviajero.com.do\/index.php\/wp-json\/wp\/v2\/tags?post=2485"}],"curies":[{"name":"wp","href":"https:\/\/api.w.org\/{rel}","templated":true}]}}