{"id":2502,"date":"2025-11-26T16:01:57","date_gmt":"2025-11-26T20:01:57","guid":{"rendered":"https:\/\/elviajero.com.do\/?p=2502"},"modified":"2025-11-26T16:04:58","modified_gmt":"2025-11-26T20:04:58","slug":"da-activa-plan-especial-para-agilizar-flujo-de-pasajeros-por-festividades-navidenas","status":"publish","type":"post","link":"https:\/\/elviajero.com.do\/index.php\/2025\/11\/26\/da-activa-plan-especial-para-agilizar-flujo-de-pasajeros-por-festividades-navidenas\/","title":{"rendered":"DA activa plan especial para agilizar flujo de pasajeros por festividades navide\u00f1as"},"content":{"rendered":"<p><em>Por Rafael Castro<\/em><br \/>\n<em>Santo Domingo, DN<\/em><\/p>\n<p>El Departamento Aeroportuario (DA) puso en marcha este mi\u00e9rcoles el <strong>Plan de Manejo de Flujo de Pasajeros en Temporada Alta<\/strong>, una estrategia operacional que se implementar\u00e1 de inmediato en todos los aeropuertos internacionales del pa\u00eds con miras a responder al notable incremento de viajeros durante las festividades navide\u00f1as.<\/p>\n<p>La medida fue presentada durante la sesi\u00f3n ordinaria de la <strong>Comisi\u00f3n Aeroportuaria<\/strong>, donde se aprob\u00f3 remitir el documento junto a sus actualizaciones a cada operador aeroportuario y a las empresas concesionarias, con el prop\u00f3sito de que adopten las previsiones necesarias para agilizar los procesos de llegada y salida, ante el flujo masivo de pasajeros que se registra cada a\u00f1o en esta \u00e9poca.<\/p>\n<p>Durante la reuni\u00f3n, el director del DA, <strong>V\u00edctor Pichardo<\/strong>, destac\u00f3 que el plan constituye una herramienta esencial para garantizar operaciones m\u00e1s eficientes y seguras en los aeropuertos del pa\u00eds.<br \/>\n<em>\u201cEste plan busca facilitar, de manera segura y confortable, la entrada y salida de pasajeros en todos los aeropuertos internacionales del pa\u00eds\u201d<\/em>, afirm\u00f3 Pichardo ante los miembros del organismo, enfatizando la importancia de la coordinaci\u00f3n interinstitucional para evitar congestiones y retrasos.<\/p>\n<p><strong>Acciones y coordinaciones clave<\/strong><\/p>\n<p>El documento contempla un conjunto de medidas operativas articuladas con las diferentes agencias que intervienen en los aeropuertos, incluyendo:<\/p>\n<p>Direcci\u00f3n General de Aduanas (DGA) Direcci\u00f3n General de Migraci\u00f3n Instituto Dominicano de Aviaci\u00f3n Civil (IDAC) ,Junta de Aviaci\u00f3n Civil (JAC) Cuerpo Especializado en Seguridad de la Aviaci\u00f3n Civil (CESAC) . Ministerio de Turismo.<\/p>\n<p><img loading=\"lazy\" decoding=\"async\" class=\"alignnone size-medium wp-image-2506\" src=\"https:\/\/elviajero.com.do\/wp-content\/uploads\/2025\/11\/IMG-20251126-WA0058-300x200.jpg\" alt=\"\" width=\"300\" height=\"200\" srcset=\"https:\/\/elviajero.com.do\/wp-content\/uploads\/2025\/11\/IMG-20251126-WA0058-300x200.jpg 300w, https:\/\/elviajero.com.do\/wp-content\/uploads\/2025\/11\/IMG-20251126-WA0058-1024x683.jpg 1024w, https:\/\/elviajero.com.do\/wp-content\/uploads\/2025\/11\/IMG-20251126-WA0058-768x512.jpg 768w, https:\/\/elviajero.com.do\/wp-content\/uploads\/2025\/11\/IMG-20251126-WA0058-1536x1024.jpg 1536w, https:\/\/elviajero.com.do\/wp-content\/uploads\/2025\/11\/IMG-20251126-WA0058-2048x1365.jpg 2048w\" sizes=\"auto, (max-width: 300px) 100vw, 300px\" \/><\/p>\n<p>Entre las acciones principales figura el reforzamiento de personal en las \u00e1reas de mayor demanda, la ampliaci\u00f3n de turnos de trabajo, el aumento de posiciones de servicio en Migraci\u00f3n y Aduanas, y la coordinaci\u00f3n de operaciones para evitar aglomeraciones en los picos m\u00e1s altos de tr\u00e1fico a\u00e9reo.<\/p>\n<p>Asimismo, se promover\u00e1 el uso de tecnolog\u00edas disponibles para acelerar los procedimientos, como las puertas electr\u00f3nicas de Migraci\u00f3n, sistemas de declaraci\u00f3n digital en Aduanas y herramientas de monitoreo a\u00e9reo para una gesti\u00f3n m\u00e1s eficiente del flujo de aeronaves.<\/p>\n<p><strong>Una temporada cr\u00edtica para la aviaci\u00f3n dominicana<\/strong><\/p>\n<p>Las autoridades recordaron que diciembre suele representar uno de los meses de mayor volumen de viajeros, debido al retorno de miles de dominicanos residentes en el extranjero y al incremento del turismo internacional, por lo que la previsi\u00f3n operativa es vital para mantener la calidad del servicio y la seguridad aeroportuaria.<\/p>\n<p>\u201cEl pa\u00eds debe prepararse para atender a un n\u00famero de pasajeros que supera ampliamente el promedio mensual, y este plan nos permite actuar con anticipaci\u00f3n y organizaci\u00f3n\u201d, expres\u00f3 Pichardo.<\/p>\n<p><strong>Composici\u00f3n de la Comisi\u00f3n Aeroportuaria<\/strong><\/p>\n<p>La Comisi\u00f3n Aeroportuaria, organismo responsable de supervisar y coordinar la pol\u00edtica aeroportuaria nacional, est\u00e1 presidida por el <strong>ministro de Obras P\u00fablicas, Eduardo Estrella<\/strong>.<br \/>\nEl director del Departamento Aeroportuario funge como secretario del ente, y tambi\u00e9n la integran representantes del <strong>Ministerio de Turismo<\/strong>, adem\u00e1s de los titulares de la <strong>DGA<\/strong>, <strong>IDAC<\/strong>, <strong>CESAC<\/strong>, <strong>Migraci\u00f3n<\/strong> y dos miembros designados por el Poder Ejecutivo.<\/p>\n<p>Con la activaci\u00f3n de este plan, el DA reafirma su compromiso de asegurar un manejo eficiente, seguro y ordenado del elevado flujo de pasajeros que a\u00f1o tras a\u00f1o caracteriza la llegada de la Navidad en la Rep\u00fablica Dominicana.<\/p>\n<p>&nbsp;<\/p>\n","protected":false},"excerpt":{"rendered":"<p>Por Rafael Castro Santo Domingo, DN El Departamento Aeroportuario (DA) puso en marcha este mi\u00e9rcoles&#8230;<\/p>\n","protected":false},"author":3,"featured_media":2503,"comment_status":"open","ping_status":"open","sticky":false,"template":"","format":"standard","meta":{"footnotes":""},"categories":[5],"tags":[],"class_list":["post-2502","post","type-post","status-publish","format-standard","has-post-thumbnail","hentry","category-portada"],"_links":{"self":[{"href":"https:\/\/elviajero.com.do\/index.php\/wp-json\/wp\/v2\/posts\/2502","targetHints":{"allow":["GET"]}}],"collection":[{"href":"https:\/\/elviajero.com.do\/index.php\/wp-json\/wp\/v2\/posts"}],"about":[{"href":"https:\/\/elviajero.com.do\/index.php\/wp-json\/wp\/v2\/types\/post"}],"author":[{"embeddable":true,"href":"https:\/\/elviajero.com.do\/index.php\/wp-json\/wp\/v2\/users\/3"}],"replies":[{"embeddable":true,"href":"https:\/\/elviajero.com.do\/index.php\/wp-json\/wp\/v2\/comments?post=2502"}],"version-history":[{"count":3,"href":"https:\/\/elviajero.com.do\/index.php\/wp-json\/wp\/v2\/posts\/2502\/revisions"}],"predecessor-version":[{"id":2507,"href":"https:\/\/elviajero.com.do\/index.php\/wp-json\/wp\/v2\/posts\/2502\/revisions\/2507"}],"wp:featuredmedia":[{"embeddable":true,"href":"https:\/\/elviajero.com.do\/index.php\/wp-json\/wp\/v2\/media\/2503"}],"wp:attachment":[{"href":"https:\/\/elviajero.com.do\/index.php\/wp-json\/wp\/v2\/media?parent=2502"}],"wp:term":[{"taxonomy":"category","embeddable":true,"href":"https:\/\/elviajero.com.do\/index.php\/wp-json\/wp\/v2\/categories?post=2502"},{"taxonomy":"post_tag","embeddable":true,"href":"https:\/\/elviajero.com.do\/index.php\/wp-json\/wp\/v2\/tags?post=2502"}],"curies":[{"name":"wp","href":"https:\/\/api.w.org\/{rel}","templated":true}]}}