{"id":2508,"date":"2025-11-26T17:00:13","date_gmt":"2025-11-26T21:00:13","guid":{"rendered":"https:\/\/elviajero.com.do\/?p=2508"},"modified":"2025-11-26T17:01:55","modified_gmt":"2025-11-26T21:01:55","slug":"danylsa-vargas-recibe-el-premio-la-flor-por-su-aporte-a-la-comunicacion-dominicana","status":"publish","type":"post","link":"https:\/\/elviajero.com.do\/index.php\/2025\/11\/26\/danylsa-vargas-recibe-el-premio-la-flor-por-su-aporte-a-la-comunicacion-dominicana\/","title":{"rendered":"DANYLSA VARGAS RECIBE EL PREMIO \u201cLA FLOR\u201d"},"content":{"rendered":"<p data-start=\"92\" data-end=\"113\"><em data-start=\"92\" data-end=\"111\">Santo Domingo, RD<\/em><\/p>\n<p data-start=\"115\" data-end=\"483\">En una emotiva ceremonia que reuni\u00f3 a destacados representantes del arte, la comunicaci\u00f3n y el liderazgo social, la periodista y comunicadora <strong data-start=\"257\" data-end=\"275\">Danylsa Vargas<\/strong> fue reconocida con el prestigioso <strong data-start=\"310\" data-end=\"328\">Premio La Flor<\/strong>, una distinci\u00f3n que cada a\u00f1o exalta a profesionales que han dejado una huella relevante en el quehacer medi\u00e1tico y comunitario de la Rep\u00fablica Dominicana.<\/p>\n<p data-start=\"485\" data-end=\"962\">Vargas, quien actualmente se desempe\u00f1a como <strong data-start=\"529\" data-end=\"619\">coordinadora del bloque de 5:00 a 7:00 de la tarde del programa <\/strong><em data-start=\"595\" data-end=\"617\"><strong>Panorama de la Tarde<\/strong><\/em> del Grupo de Medios Panorama, as\u00ed como <strong data-start=\"659\" data-end=\"720\">co conductora del espacio \u201cInf\u00f3rmate\u201d junto a Ana Jim\u00e9nez<\/strong>, recibi\u00f3 tambi\u00e9n elogios por su m\u00e1s reciente propuesta televisiva.<\/p>\n<p data-start=\"485\" data-end=\"962\"><strong data-start=\"788\" data-end=\"824\">\u201cEn el Lente con Danylsa Vargas\u201d<\/strong>, proyecto del cual es productora y que ha venido consolid\u00e1ndose como un espacio de an\u00e1lisis y mirada cr\u00edtica en el \u00e1mbito comunicacional.<\/p>\n<p data-start=\"964\" data-end=\"1318\">Durante su discurso de agradecimiento, la comunicadora destac\u00f3 la importancia de ejercer un periodismo responsable y comprometido con la sociedad. Invit\u00f3 a las nuevas generaciones a trabajar siempre \u201c<strong data-start=\"1164\" data-end=\"1198\">con \u00e9tica, dedicaci\u00f3n y esmero<\/strong>\u201d, al tiempo que les motiv\u00f3 a usar las plataformas medi\u00e1ticas para promover valores y contribuir al bienestar colectivo.<\/p>\n<p data-start=\"1320\" data-end=\"1647\">El <strong data-start=\"1323\" data-end=\"1341\">Premio La Flor<\/strong>, presidido por el joven gestor cultural <strong data-start=\"1382\" data-end=\"1396\">Henry Rijo<\/strong>, reconoce a figuras del arte, la comunicaci\u00f3n y el liderazgo social, adem\u00e1s de otros \u00e1mbitos que impactan de manera positiva en las comunidades.<\/p>\n<p data-start=\"1320\" data-end=\"1647\">Su misi\u00f3n es resaltar a quienes, con su entrega diaria, aportan al desarrollo cultural y social del pa\u00eds.<\/p>\n<p data-start=\"1649\" data-end=\"1895\" data-is-last-node=\"\" data-is-only-node=\"\">Con esta distinci\u00f3n, Danylsa Vargas reafirma su compromiso con una comunicaci\u00f3n <strong data-start=\"1729\" data-end=\"1791\">transparente, constructiva y orientada al servicio p\u00fablico<\/strong>, consolid\u00e1ndose como una de las voces j\u00f3venes m\u00e1s influyentes dentro del panorama medi\u00e1tico dominicano.<\/p>\n<p>&nbsp;<\/p>\n","protected":false},"excerpt":{"rendered":"<p>Santo Domingo, RD En una emotiva ceremonia que reuni\u00f3 a destacados representantes del arte, la&#8230;<\/p>\n","protected":false},"author":3,"featured_media":2509,"comment_status":"open","ping_status":"open","sticky":false,"template":"","format":"standard","meta":{"footnotes":""},"categories":[2],"tags":[],"class_list":["post-2508","post","type-post","status-publish","format-standard","has-post-thumbnail","hentry","category-nacionales"],"_links":{"self":[{"href":"https:\/\/elviajero.com.do\/index.php\/wp-json\/wp\/v2\/posts\/2508","targetHints":{"allow":["GET"]}}],"collection":[{"href":"https:\/\/elviajero.com.do\/index.php\/wp-json\/wp\/v2\/posts"}],"about":[{"href":"https:\/\/elviajero.com.do\/index.php\/wp-json\/wp\/v2\/types\/post"}],"author":[{"embeddable":true,"href":"https:\/\/elviajero.com.do\/index.php\/wp-json\/wp\/v2\/users\/3"}],"replies":[{"embeddable":true,"href":"https:\/\/elviajero.com.do\/index.php\/wp-json\/wp\/v2\/comments?post=2508"}],"version-history":[{"count":2,"href":"https:\/\/elviajero.com.do\/index.php\/wp-json\/wp\/v2\/posts\/2508\/revisions"}],"predecessor-version":[{"id":2511,"href":"https:\/\/elviajero.com.do\/index.php\/wp-json\/wp\/v2\/posts\/2508\/revisions\/2511"}],"wp:featuredmedia":[{"embeddable":true,"href":"https:\/\/elviajero.com.do\/index.php\/wp-json\/wp\/v2\/media\/2509"}],"wp:attachment":[{"href":"https:\/\/elviajero.com.do\/index.php\/wp-json\/wp\/v2\/media?parent=2508"}],"wp:term":[{"taxonomy":"category","embeddable":true,"href":"https:\/\/elviajero.com.do\/index.php\/wp-json\/wp\/v2\/categories?post=2508"},{"taxonomy":"post_tag","embeddable":true,"href":"https:\/\/elviajero.com.do\/index.php\/wp-json\/wp\/v2\/tags?post=2508"}],"curies":[{"name":"wp","href":"https:\/\/api.w.org\/{rel}","templated":true}]}}