{"id":2532,"date":"2025-11-27T20:38:08","date_gmt":"2025-11-28T00:38:08","guid":{"rendered":"https:\/\/elviajero.com.do\/?p=2532"},"modified":"2025-11-27T20:38:15","modified_gmt":"2025-11-28T00:38:15","slug":"hegseth-concluye-visita-historica-al-pais-tras-acuerdo-para-uso-logistico-de-bases-dominicanas","status":"publish","type":"post","link":"https:\/\/elviajero.com.do\/index.php\/2025\/11\/27\/hegseth-concluye-visita-historica-al-pais-tras-acuerdo-para-uso-logistico-de-bases-dominicanas\/","title":{"rendered":"Hegseth concluye visita hist\u00f3rica al pa\u00eds tras acuerdo para uso log\u00edstico de bases dominicanas"},"content":{"rendered":"<p><strong>Por Rafael Castro<\/strong><br \/>\n<strong>27 de noviembre de 2025<\/strong><br \/>\n<strong>Aeropuerto Las Am\u00e9ricas \u2013 Santo Domingo<\/strong><\/p>\n<p>El secretario de Guerra de Estados Unidos, <strong>Pete Hegseth<\/strong>, abandon\u00f3 este jueves territorio dominicano luego de cumplir una <strong>breve pero trascendental agenda oficial<\/strong>, marcada por el anuncio conjunto con el presidente <strong>Luis Abinader<\/strong> sobre la autorizaci\u00f3n de uso limitado de \u00e1reas en la <strong>Base A\u00e9rea de San Isidro<\/strong> y el <strong>Aeropuerto Internacional de Las Am\u00e9ricas, Jos\u00e9 Francisco Pe\u00f1a G\u00f3mez (AILA\u2013JFPG)<\/strong>, para operaciones log\u00edsticas y de apoyo t\u00e9cnico de Estados Unidos en la lucha regional contra el narcotr\u00e1fico.<\/p>\n<p>Hegseth despeg\u00f3 hacia su pa\u00eds a las <strong>5:00 de la tarde<\/strong>, a bordo del mismo avi\u00f3n militar que lo transport\u00f3 el mi\u00e9rcoles a Santo Domingo, el cual permaneci\u00f3 estacionado durante toda su estad\u00eda en la rampa militar del AILA bajo un <strong>imponente dispositivo de seguridad<\/strong>.<\/p>\n<p>Desde la ma\u00f1ana del mi\u00e9rcoles, la presencia de soldados dominicanos y personal militar estadounidense llam\u00f3 la atenci\u00f3n en el \u00e1rea restringida del aeropuerto.<\/p>\n<p>Controles de acceso, veh\u00edculos t\u00e1cticos y personal de seguridad del Pent\u00e1gono y del Ministerio de Defensa dominicano resguardaron el per\u00edmetro donde se encontraba la aeronave oficial.<\/p>\n<p>La tarde de este jueves, la comitiva que acompa\u00f1\u00f3 al secretario estadounidense al aeropuerto al funcionario estaba integrada por miembros de la embajada de Estados Unidos, funcionarios civiles y militares dominicanos, adem\u00e1s de representantes del Departamento Aeroportuario y de Aerodom, quienes le dio una <strong>despedida protocolar<\/strong> antes del cierre de su visita.<\/p>\n<p>Durante sus reuniones oficiales, el secretario Hegseth y el presidente Abinader hicieron p\u00fablico un acuerdo de cooperaci\u00f3n estrat\u00e9gica, mediante el cual Estados Unidos podr\u00e1 utilizar espacios limitados y previamente definidos en San Isidro y en el AILA.<\/p>\n<p>Para las operaciones log\u00edsticas en apoyo a misiones de seguridad regional. Movilizaci\u00f3n de equipos especializados. Transporte de personal t\u00e9cnico. Coordinaci\u00f3n de vuelos vinculados a la lucha antinarc\u00f3ticos en el Caribe<\/p>\n<p>Ambos gobiernos calificaron este paso como un reforzamiento de la cooperaci\u00f3n<strong> bilateral<\/strong>, orientada a enfrentar el intensificado movimiento de narcotr\u00e1fico en la ruta Caribe\u2013Atl\u00e1ntico.<\/p>\n<p>La presencia de Pete Hegseth, jefe del Pent\u00e1gono, es considerada una de las visitas de m\u00e1s alto nivel en materia de defensa realizadas en los \u00faltimos a\u00f1os por un funcionario estadounidense a la Rep\u00fablica Dominicana.<\/p>\n<p>El acuerdo anunciado, seg\u00fan ambos gobiernos, fortalecer\u00e1 la capacidad regional para interceptar vuelos il\u00edcitos, mejorar la vigilancia transfronteriza y reforzar la seguridad a\u00e9rea del Caribe.<\/p>\n<p>&nbsp;<\/p>\n","protected":false},"excerpt":{"rendered":"<p>Por Rafael Castro 27 de noviembre de 2025 Aeropuerto Las Am\u00e9ricas \u2013 Santo Domingo El&#8230;<\/p>\n","protected":false},"author":3,"featured_media":2533,"comment_status":"open","ping_status":"open","sticky":false,"template":"","format":"standard","meta":{"footnotes":""},"categories":[2],"tags":[],"class_list":["post-2532","post","type-post","status-publish","format-standard","has-post-thumbnail","hentry","category-nacionales"],"_links":{"self":[{"href":"https:\/\/elviajero.com.do\/index.php\/wp-json\/wp\/v2\/posts\/2532","targetHints":{"allow":["GET"]}}],"collection":[{"href":"https:\/\/elviajero.com.do\/index.php\/wp-json\/wp\/v2\/posts"}],"about":[{"href":"https:\/\/elviajero.com.do\/index.php\/wp-json\/wp\/v2\/types\/post"}],"author":[{"embeddable":true,"href":"https:\/\/elviajero.com.do\/index.php\/wp-json\/wp\/v2\/users\/3"}],"replies":[{"embeddable":true,"href":"https:\/\/elviajero.com.do\/index.php\/wp-json\/wp\/v2\/comments?post=2532"}],"version-history":[{"count":1,"href":"https:\/\/elviajero.com.do\/index.php\/wp-json\/wp\/v2\/posts\/2532\/revisions"}],"predecessor-version":[{"id":2534,"href":"https:\/\/elviajero.com.do\/index.php\/wp-json\/wp\/v2\/posts\/2532\/revisions\/2534"}],"wp:featuredmedia":[{"embeddable":true,"href":"https:\/\/elviajero.com.do\/index.php\/wp-json\/wp\/v2\/media\/2533"}],"wp:attachment":[{"href":"https:\/\/elviajero.com.do\/index.php\/wp-json\/wp\/v2\/media?parent=2532"}],"wp:term":[{"taxonomy":"category","embeddable":true,"href":"https:\/\/elviajero.com.do\/index.php\/wp-json\/wp\/v2\/categories?post=2532"},{"taxonomy":"post_tag","embeddable":true,"href":"https:\/\/elviajero.com.do\/index.php\/wp-json\/wp\/v2\/tags?post=2532"}],"curies":[{"name":"wp","href":"https:\/\/api.w.org\/{rel}","templated":true}]}}