{"id":2633,"date":"2025-12-04T16:52:19","date_gmt":"2025-12-04T20:52:19","guid":{"rendered":"https:\/\/elviajero.com.do\/?p=2633"},"modified":"2025-12-04T16:52:19","modified_gmt":"2025-12-04T20:52:19","slug":"consulado-dominicano-en-madrid-impulsa-alianza-empresarial-y-anuncia-apoyo-de-e33-millones-para-autonomos","status":"publish","type":"post","link":"https:\/\/elviajero.com.do\/index.php\/2025\/12\/04\/consulado-dominicano-en-madrid-impulsa-alianza-empresarial-y-anuncia-apoyo-de-e33-millones-para-autonomos\/","title":{"rendered":"Consulado dominicano en Madrid impulsa alianza empresarial y anuncia apoyo de \u20ac33 millones para aut\u00f3nomos"},"content":{"rendered":"<div class=\"flex max-w-full flex-col grow\">\n<div class=\"min-h-8 text-message relative flex w-full flex-col items-end gap-2 text-start break-words whitespace-normal [.text-message+&amp;]:mt-1\" dir=\"auto\" data-message-author-role=\"assistant\" data-message-id=\"fdc427b6-bd4c-4383-9f18-74051017c6b5\" data-message-model-slug=\"gpt-5-1\">\n<div class=\"flex w-full flex-col gap-1 empty:hidden first:pt-[1px]\">\n<div class=\"markdown prose dark:prose-invert w-full break-words light markdown-new-styling\">\n<p data-start=\"0\" data-end=\"119\">\n<p data-start=\"121\" data-end=\"541\"><strong data-start=\"121\" data-end=\"165\">Madrid, Espa\u00f1a-\u00a0 \u00a0 4 de diciembre de 2025.<\/strong><\/p>\n<p data-start=\"121\" data-end=\"541\">El Consulado General de la Rep\u00fablica Dominicana en Madrid, encabezado por el c\u00f3nsul general Jos\u00e9 Ernesto Marte Piantini, celebr\u00f3 el Segundo Encuentro de Empresarios Dominicanos en la capital espa\u00f1ola, una iniciativa destinada a fortalecer la cooperaci\u00f3n, el intercambio profesional y la creaci\u00f3n de alianzas estrat\u00e9gicas entre emprendedores criollos radicados en la regi\u00f3n.<\/p>\n<p data-start=\"543\" data-end=\"730\">El encuentro tuvo como objetivo consolidar una red empresarial din\u00e1mica y colaborativa, resaltando el valioso aporte de la comunidad dominicana al desarrollo econ\u00f3mico y social de Espa\u00f1a.<\/p>\n<p data-start=\"732\" data-end=\"983\">La actividad cont\u00f3 con la presencia del embajador dominicano ante el Reino de Espa\u00f1a, Tony Raful, quien destac\u00f3 la relevancia de promover, visibilizar y respaldar el talento, la innovaci\u00f3n y la capacidad emprendedora de los dominicanos en el exterior.<\/p>\n<p data-start=\"985\" data-end=\"1180\">Como invitados especiales participaron el director general de Aut\u00f3nomos y Emprendimiento de la Comunidad de Madrid, Nikolay Yordanov Atanasov, y la diputada de la Asamblea de Madrid, Elisa Vigil.<\/p>\n<p data-start=\"1182\" data-end=\"1492\">Durante su intervenci\u00f3n, Yordanov subray\u00f3 la importancia de seguir eliminando barreras que afectan a quienes generan dinamismo econ\u00f3mico en la regi\u00f3n, as\u00ed como el impacto positivo de las medidas de apoyo impulsadas por el gobierno madrile\u00f1o, de las cuales m\u00e1s de 16 mil aut\u00f3nomos ya han resultado beneficiados.<\/p>\n<p data-start=\"1494\" data-end=\"1766\"><img loading=\"lazy\" decoding=\"async\" class=\"alignnone size-medium wp-image-2635\" src=\"https:\/\/elviajero.com.do\/wp-content\/uploads\/2025\/12\/IMG-20251204-WA0023-2-300x169.jpg\" alt=\"\" width=\"300\" height=\"169\" srcset=\"https:\/\/elviajero.com.do\/wp-content\/uploads\/2025\/12\/IMG-20251204-WA0023-2-300x169.jpg 300w, https:\/\/elviajero.com.do\/wp-content\/uploads\/2025\/12\/IMG-20251204-WA0023-2-1024x576.jpg 1024w, https:\/\/elviajero.com.do\/wp-content\/uploads\/2025\/12\/IMG-20251204-WA0023-2-768x432.jpg 768w, https:\/\/elviajero.com.do\/wp-content\/uploads\/2025\/12\/IMG-20251204-WA0023-2-1536x864.jpg 1536w, https:\/\/elviajero.com.do\/wp-content\/uploads\/2025\/12\/IMG-20251204-WA0023-2-1280x720.jpg 1280w, https:\/\/elviajero.com.do\/wp-content\/uploads\/2025\/12\/IMG-20251204-WA0023-2.jpg 1600w\" sizes=\"auto, (max-width: 300px) 100vw, 300px\" \/><\/p>\n<p data-start=\"1494\" data-end=\"1766\">En ese mismo sentido, anunci\u00f3:<br data-start=\"1524\" data-end=\"1527\" \/><strong data-start=\"1527\" data-end=\"1766\">\u201cEl a\u00f1o que viene, el presupuesto destinado a aut\u00f3nomos y emprendimiento asciende a m\u00e1s de 33 millones de euros. En la Comunidad de Madrid tenemos claro que los empresarios, vengan de donde vengan, son el motor econ\u00f3mico de este pa\u00eds.\u201d<\/strong><\/p>\n<p data-start=\"1768\" data-end=\"2070\">Por su parte, el c\u00f3nsul general Jos\u00e9 Ernesto Marte Piantini destac\u00f3 que estos encuentros responden al inter\u00e9s del presidente de la Rep\u00fablica Dominicana, Luis Abinader, de apoyar a los emprendedores dominicanos en el exterior mediante acciones que impulsen su crecimiento y generen nuevas oportunidades.<\/p>\n<p data-start=\"2072\" data-end=\"2357\" data-is-last-node=\"\" data-is-only-node=\"\">El Segundo Encuentro de Empresarios Dominicanos en Madrid reafirma el compromiso del Consulado General con la promoci\u00f3n del desarrollo, la integraci\u00f3n y el liderazgo empresarial de la di\u00e1spora dominicana, fortaleciendo su presencia e impacto en el panorama socioecon\u00f3mico de la regi\u00f3n.<\/p>\n<\/div>\n<\/div>\n<\/div>\n<\/div>\n<div class=\"z-0 flex min-h-[46px] justify-start\"><\/div>\n","protected":false},"excerpt":{"rendered":"<p>Madrid, Espa\u00f1a-\u00a0 \u00a0 4 de diciembre de 2025. El Consulado General de la Rep\u00fablica Dominicana&#8230;<\/p>\n","protected":false},"author":3,"featured_media":2634,"comment_status":"open","ping_status":"open","sticky":false,"template":"","format":"standard","meta":{"footnotes":""},"categories":[8],"tags":[],"class_list":["post-2633","post","type-post","status-publish","format-standard","has-post-thumbnail","hentry","category-dominicanos-en-el-exterior"],"_links":{"self":[{"href":"https:\/\/elviajero.com.do\/index.php\/wp-json\/wp\/v2\/posts\/2633","targetHints":{"allow":["GET"]}}],"collection":[{"href":"https:\/\/elviajero.com.do\/index.php\/wp-json\/wp\/v2\/posts"}],"about":[{"href":"https:\/\/elviajero.com.do\/index.php\/wp-json\/wp\/v2\/types\/post"}],"author":[{"embeddable":true,"href":"https:\/\/elviajero.com.do\/index.php\/wp-json\/wp\/v2\/users\/3"}],"replies":[{"embeddable":true,"href":"https:\/\/elviajero.com.do\/index.php\/wp-json\/wp\/v2\/comments?post=2633"}],"version-history":[{"count":1,"href":"https:\/\/elviajero.com.do\/index.php\/wp-json\/wp\/v2\/posts\/2633\/revisions"}],"predecessor-version":[{"id":2636,"href":"https:\/\/elviajero.com.do\/index.php\/wp-json\/wp\/v2\/posts\/2633\/revisions\/2636"}],"wp:featuredmedia":[{"embeddable":true,"href":"https:\/\/elviajero.com.do\/index.php\/wp-json\/wp\/v2\/media\/2634"}],"wp:attachment":[{"href":"https:\/\/elviajero.com.do\/index.php\/wp-json\/wp\/v2\/media?parent=2633"}],"wp:term":[{"taxonomy":"category","embeddable":true,"href":"https:\/\/elviajero.com.do\/index.php\/wp-json\/wp\/v2\/categories?post=2633"},{"taxonomy":"post_tag","embeddable":true,"href":"https:\/\/elviajero.com.do\/index.php\/wp-json\/wp\/v2\/tags?post=2633"}],"curies":[{"name":"wp","href":"https:\/\/api.w.org\/{rel}","templated":true}]}}