{"id":2638,"date":"2025-12-04T17:42:18","date_gmt":"2025-12-04T21:42:18","guid":{"rendered":"https:\/\/elviajero.com.do\/?p=2638"},"modified":"2025-12-04T17:42:25","modified_gmt":"2025-12-04T21:42:25","slug":"las-teorias-son-buenas-siempre-y-cuando-se-puedan-ejecutar-porque-se-disfrazan-de-angelitos-y-por-debajo-se-les-ve-la-parca","status":"publish","type":"post","link":"https:\/\/elviajero.com.do\/index.php\/2025\/12\/04\/las-teorias-son-buenas-siempre-y-cuando-se-puedan-ejecutar-porque-se-disfrazan-de-angelitos-y-por-debajo-se-les-ve-la-parca\/","title":{"rendered":"Las teor\u00edas son buenas, siempre y\u00a0cuando se puedan ejecutar\u00a0Porque: Se disfrazan de angelitos y por\u00a0debajo se les ve la parca.\u00a0"},"content":{"rendered":"<p><span data-contrast=\"auto\">Por: Rafael R. Ram\u00edrez Ferreira<\/span><span data-ccp-props=\"{&quot;201341983&quot;:0,&quot;335551550&quot;:3,&quot;335551620&quot;:3,&quot;335559739&quot;:0,&quot;335559740&quot;:240}\">\u00a0<\/span><\/p>\n<p><span data-contrast=\"auto\">La pol\u00edtica es el camino que utilizan<\/span><span data-ccp-props=\"{&quot;201341983&quot;:0,&quot;335551550&quot;:3,&quot;335551620&quot;:3,&quot;335559739&quot;:0,&quot;335559740&quot;:240}\">\u00a0<\/span><\/p>\n<p><span data-contrast=\"auto\">los hombres sin principios para<\/span><span data-ccp-props=\"{&quot;201341983&quot;:0,&quot;335551550&quot;:3,&quot;335551620&quot;:3,&quot;335559739&quot;:0,&quot;335559740&quot;:240}\">\u00a0<\/span><\/p>\n<p><span data-contrast=\"auto\">dirigir los hombres sin memoria.<\/span><span data-ccp-props=\"{&quot;201341983&quot;:0,&quot;335551550&quot;:3,&quot;335551620&quot;:3,&quot;335559739&quot;:0,&quot;335559740&quot;:240}\">\u00a0<\/span><\/p>\n<p><span data-contrast=\"auto\">Voltaire.<\/span><span data-ccp-props=\"{&quot;201341983&quot;:0,&quot;335551550&quot;:3,&quot;335551620&quot;:3,&quot;335559739&quot;:0,&quot;335559740&quot;:240}\">\u00a0<\/span><\/p>\n<p><span data-contrast=\"auto\">Hasta el cansancio es poco decirlo, pero, quien no conoce de sus debilidades y fortalezas, est\u00e1 propicio al fracaso, principalmente las primeras. Ese pareciese ser el gran problema que ha carcomido desde sus entra\u00f1as a la m\u00e1s ya no posible desacreditada Polic\u00eda Nacional. Ha sido un proceso lento en ocasiones, pero, eso s\u00ed, frente a los ojos de todo el mundo, incluyendo, por supuesto, a l\u00edderes pol\u00edticos, que se han hecho los desentendidos ante este hecho e, inclusive, han apa\u00f1ado sus acciones.<\/span><span data-ccp-props=\"{&quot;201341983&quot;:0,&quot;335551550&quot;:6,&quot;335551620&quot;:6,&quot;335559739&quot;:0,&quot;335559740&quot;:240}\">\u00a0<\/span><\/p>\n<p><span data-contrast=\"auto\">A prop\u00f3sito de esto, recuerdo en una ocasi\u00f3n, cuando siendo cadete de 3er o 4to a\u00f1o, cuestion\u00e9 a unos oficiales de planta sobre el por qu\u00e9 ten\u00edamos que hacer servicio de centinela si nosotros \u00e9ramos el primer escal\u00f3n de la oficialidad. La respuesta fue simple; \u201cEso es para que aprendan lo que significa dar una orden o asignar un servicio y el sacrificio que eso conlleva, ya que, de no ser as\u00ed, por ah\u00ed comienza la p\u00e9rdida de la disciplina\u201d.<\/span><span data-ccp-props=\"{&quot;201341983&quot;:0,&quot;335551550&quot;:6,&quot;335551620&quot;:6,&quot;335559739&quot;:0,&quot;335559740&quot;:240}\">\u00a0<\/span><\/p>\n<p><span data-contrast=\"auto\">Y ten\u00edan raz\u00f3n, ya que asignar un hombre a realizar una tarea de seguridad durante un periodo que sobrepase las 6 u 8 horas, es simplemente un abuso y, dejar abierto el camino para que se realice de mala manera. Eso o por ah\u00ed, se inicia el problema de los servicios policiales, que conducen al desgano, cansancio, aburrimiento y un accionar fuera de control humano.<\/span><\/p>\n<p><span data-contrast=\"auto\"> No es cuesti\u00f3n de ejes o teor\u00edas, es realismo de las situaciones, es dar y ponerse en el lugar del subalterno, por eso se dice que: \u201cmandar no es una tarea vulgar, es un sacrificio y un deber, y, no merece mandar y ser jefe a la vez, quien no se sabe hacer digno de ello cada d\u00eda\u201d. As\u00ed de simple y, por eso, esto no les agrada a los te\u00f3ricos disfuncionales.<\/span><span data-ccp-props=\"{&quot;201341983&quot;:0,&quot;335551550&quot;:6,&quot;335551620&quot;:6,&quot;335559739&quot;:0,&quot;335559740&quot;:240}\">\u00a0<\/span><\/p>\n<p><span data-contrast=\"auto\">Porque con una imp\u00fadica actitud vivimos, como si eso fuese lo normal, debido a que todo lo mimetizan los pol\u00edticos, llegando a ser todo lo mismo. Se ha impuesto la forma por encima de la funci\u00f3n. Todo lo convierten en un absurdo o un guion mal elaborado sobre el c\u00f3mo ejercer la pol\u00edtica.<\/span><\/p>\n<p><span data-contrast=\"auto\"> En el 2024 se gastaron m\u00e1s de 38 mil millones de pesos en un clientelismo de locura, dinero con el cual se hubiesen podido crear f\u00e1bricas y haber sembrado cientos de miles de tareas para producir trabajos y beneficios, pero, ese dinero se esfum\u00f3.<\/span><span data-ccp-props=\"{&quot;201341983&quot;:0,&quot;335551550&quot;:6,&quot;335551620&quot;:6,&quot;335559739&quot;:0,&quot;335559740&quot;:240}\">\u00a0<\/span><\/p>\n<p><span data-contrast=\"auto\">Lo peor de todo esto, es que ya no podemos construir nada que no sea con pr\u00e9stamos, en tanto, construimos por tramos o por parte, para repartir entre los due\u00f1os del pa\u00eds y los compa\u00f1eritos, dando como resultado las chapucer\u00edas que a diario vemos, como ese de la construcci\u00f3n del km9 y de la autopista Duarte, sin referirnos a la circunvalaci\u00f3n de Ban\u00ed.<\/span><span data-contrast=\"auto\"> Por eso satanizaron a la Odebrecht, que constru\u00eda r\u00e1pido y profesionalmente bien terminadas obras y carreteras, que a\u00fan perduran como prueba.<\/span><span data-ccp-props=\"{&quot;201341983&quot;:0,&quot;335551550&quot;:6,&quot;335551620&quot;:6,&quot;335559739&quot;:0,&quot;335559740&quot;:240}\">\u00a0<\/span><\/p>\n<p><span data-contrast=\"auto\">Hoy lo cotidiano, es ver \u201cfuncionarios de oficinas\u201d y profesionales plet\u00f3ricos de teor\u00edas o discursos, pero, en cuanto a la gerencia, esa, brilla por su ausencia poniendo como ejemplo, que lo m\u00e1s importante dentro del desempe\u00f1o de esa profesi\u00f3n, lo constituye la supervisi\u00f3n, como esa falta que se hizo presente durante el pasado apag\u00f3n el\u00e9ctrico y el servicio del Metro.<\/span><span data-ccp-props=\"{&quot;201341983&quot;:0,&quot;335551550&quot;:6,&quot;335551620&quot;:6,&quot;335559739&quot;:0,&quot;335559740&quot;:240}\">\u00a0<\/span><\/p>\n<p><span data-contrast=\"auto\">Es el mismo problema que acosa a la polic\u00eda nacional, donde el \u00fanico responsable de hacer o dejar de hacer, es el jefe policial, en tanto, existen los caciques jefes policiales de regiones, siempre planchaditos y encopetados, donde la ejecuci\u00f3n de sus funciones y sus responsabilidades, al parecer, se reducen solo a ponerse bajo las \u00f3rdenes de los caciques, comerciantes, riferos y los otros que venden el polvo aquel, pero que para ante sus irresponsabilidades con el mando, no existen r\u00e9gimen de consecuencias, al menos, hasta este momento y eso no lo perciben los te\u00f3ricos, que solo se preocupan por el uniforme -reitero- por la forma. \u00a1S\u00ed se\u00f1or!<\/span><span data-ccp-props=\"{&quot;201341983&quot;:0,&quot;335551550&quot;:6,&quot;335551620&quot;:6,&quot;335559739&quot;:0,&quot;335559740&quot;:240}\">\u00a0<\/span><\/p>\n<p><span data-contrast=\"auto\">\u00a0<\/span><\/p>\n<p><span data-contrast=\"auto\">\u00a0<\/span><\/p>\n<p><span data-contrast=\"auto\">\u00a0<\/span><\/p>\n<p><span data-contrast=\"auto\">\u00a0<\/span><\/p>\n<p><span data-contrast=\"auto\">\u00a0<\/span><\/p>\n<p><span data-contrast=\"auto\">\u00a0<\/span><\/p>\n<p><span data-contrast=\"auto\">\u00a0<\/span><\/p>\n<p><span data-contrast=\"auto\">\u00a0<\/span><\/p>\n<p><span data-contrast=\"auto\">\u00a0<\/span><\/p>\n<p><span data-contrast=\"auto\">\u00a0<\/span><\/p>\n","protected":false},"excerpt":{"rendered":"<p>Por: Rafael R. Ram\u00edrez Ferreira\u00a0 La pol\u00edtica es el camino que utilizan\u00a0 los hombres sin&#8230;<\/p>\n","protected":false},"author":3,"featured_media":2639,"comment_status":"open","ping_status":"open","sticky":false,"template":"","format":"standard","meta":{"footnotes":""},"categories":[7],"tags":[],"class_list":["post-2638","post","type-post","status-publish","format-standard","has-post-thumbnail","hentry","category-opiniones"],"_links":{"self":[{"href":"https:\/\/elviajero.com.do\/index.php\/wp-json\/wp\/v2\/posts\/2638","targetHints":{"allow":["GET"]}}],"collection":[{"href":"https:\/\/elviajero.com.do\/index.php\/wp-json\/wp\/v2\/posts"}],"about":[{"href":"https:\/\/elviajero.com.do\/index.php\/wp-json\/wp\/v2\/types\/post"}],"author":[{"embeddable":true,"href":"https:\/\/elviajero.com.do\/index.php\/wp-json\/wp\/v2\/users\/3"}],"replies":[{"embeddable":true,"href":"https:\/\/elviajero.com.do\/index.php\/wp-json\/wp\/v2\/comments?post=2638"}],"version-history":[{"count":1,"href":"https:\/\/elviajero.com.do\/index.php\/wp-json\/wp\/v2\/posts\/2638\/revisions"}],"predecessor-version":[{"id":2640,"href":"https:\/\/elviajero.com.do\/index.php\/wp-json\/wp\/v2\/posts\/2638\/revisions\/2640"}],"wp:featuredmedia":[{"embeddable":true,"href":"https:\/\/elviajero.com.do\/index.php\/wp-json\/wp\/v2\/media\/2639"}],"wp:attachment":[{"href":"https:\/\/elviajero.com.do\/index.php\/wp-json\/wp\/v2\/media?parent=2638"}],"wp:term":[{"taxonomy":"category","embeddable":true,"href":"https:\/\/elviajero.com.do\/index.php\/wp-json\/wp\/v2\/categories?post=2638"},{"taxonomy":"post_tag","embeddable":true,"href":"https:\/\/elviajero.com.do\/index.php\/wp-json\/wp\/v2\/tags?post=2638"}],"curies":[{"name":"wp","href":"https:\/\/api.w.org\/{rel}","templated":true}]}}