{"id":2659,"date":"2025-12-05T17:15:27","date_gmt":"2025-12-05T21:15:27","guid":{"rendered":"https:\/\/elviajero.com.do\/?p=2659"},"modified":"2025-12-05T17:15:27","modified_gmt":"2025-12-05T21:15:27","slug":"arrestan-a-la-bala-tras-amenazas-contra-el-presidente-abinader","status":"publish","type":"post","link":"https:\/\/elviajero.com.do\/index.php\/2025\/12\/05\/arrestan-a-la-bala-tras-amenazas-contra-el-presidente-abinader\/","title":{"rendered":"\u00a0\u201cArrestan a \u2018La Bala\u2019 tras amenazas contra el presidente Abinader"},"content":{"rendered":"<p>&nbsp;<\/p>\n<p data-start=\"120\" data-end=\"566\"><em data-start=\"120\" data-end=\"136\">El Seibo, R.D.<\/em> \u2013<\/p>\n<p>Las autoridades arrestaron a H\u00e9ctor Julio Mercedes Rodr\u00edguez, conocido como <em data-start=\"215\" data-end=\"226\">\u201cLa Bala\u201d<\/em>, luego de que se hiciera viral un video en el que lanzaba graves amenazas contra la vida del presidente de la Rep\u00fablica, Luis Abinader.<\/p>\n<p>El hombre, quien asegura haber sido sargento mayor de la Fuerza A\u00e9rea Dominicana, posteriormente difundi\u00f3 otro audiovisual en el que pidi\u00f3 perd\u00f3n al mandatario y afirm\u00f3 padecer problemas de salud mental.<\/p>\n<p data-start=\"568\" data-end=\"832\">La detenci\u00f3n fue realizada por agentes de la Polic\u00eda Nacional en coordinaci\u00f3n con miembros del Ej\u00e9rcito de la Rep\u00fablica Dominicana, en una comunidad rural situada entre Miches y El Seibo, donde \u201cLa Bala\u201d se encontraba escondido tras la difusi\u00f3n del pol\u00e9mico video.<\/p>\n<p data-start=\"834\" data-end=\"1289\">En el material que encendi\u00f3 las alarmas de las autoridades y caus\u00f3 indignaci\u00f3n p\u00fablica, Mercedes Rodr\u00edguez pronuncia amenazas directas contra el jefe de Estado, asegurando que lo estar\u00eda \u201cgardeando\u201d durante el mes de diciembre y que pose\u00eda un rifle con el cual atentar\u00eda contra su vida.<\/p>\n<p>\u00a0La crudeza de sus expresiones y su porte intimidante motivaron una r\u00e1pida reacci\u00f3n de los organismos de seguridad, que activaron un operativo de localizaci\u00f3n y captura.<\/p>\n<p data-start=\"1291\" data-end=\"1626\">Horas despu\u00e9s, ya consciente del impacto nacional generado, el hombre reapareci\u00f3 en otro video en tono arrepentido. Visiblemente alterado, manifest\u00f3:<\/p>\n<p>\u00a0<em data-start=\"1441\" data-end=\"1529\">\u00abPerd\u00f3n, se\u00f1or Presidente\u2026 es que yo estoy mal de la cabeza, ya yo no hallo qu\u00e9 hacer\u00bb<\/em>, asegurando que su estado mental lo llev\u00f3 a pronunciar palabras que ahora lamenta profundamente.<\/p>\n<p data-start=\"1628\" data-end=\"1936\">Mercedes Rodr\u00edguez reiter\u00f3 que no tiene intenci\u00f3n real de hacer da\u00f1o y que su conducta responde a episodios de inestabilidad emocional.<\/p>\n<p>\u00a0Sin embargo, las autoridades mantienen bajo investigaci\u00f3n su historial, su situaci\u00f3n actual y las condiciones en las que habr\u00eda obtenido el arma que mencion\u00f3 en su amenaza.<\/p>\n<p data-start=\"1938\" data-end=\"2217\">El caso ha reavivado el debate sobre la responsabilidad penal frente a amenazas contra figuras p\u00fablicas y la necesidad de fortalecer los programas de atenci\u00f3n en salud mental, especialmente para exmiembros de cuerpos castrenses que puedan atravesar situaciones de vulnerabilidad.<\/p>\n<p data-start=\"2219\" data-end=\"2398\" data-is-last-node=\"\" data-is-only-node=\"\">Por el momento, \u201cLa Bala\u201d permanece bajo custodia mientras el Ministerio P\u00fablico determina los cargos correspondientes y eval\u00faa su estado psicol\u00f3gico como parte del proceso legal.<\/p>\n<p>&nbsp;<\/p>\n","protected":false},"excerpt":{"rendered":"<p>&nbsp; El Seibo, R.D. \u2013 Las autoridades arrestaron a H\u00e9ctor Julio Mercedes Rodr\u00edguez, conocido como&#8230;<\/p>\n","protected":false},"author":3,"featured_media":2660,"comment_status":"open","ping_status":"open","sticky":false,"template":"","format":"standard","meta":{"footnotes":""},"categories":[2],"tags":[],"class_list":["post-2659","post","type-post","status-publish","format-standard","has-post-thumbnail","hentry","category-nacionales"],"_links":{"self":[{"href":"https:\/\/elviajero.com.do\/index.php\/wp-json\/wp\/v2\/posts\/2659","targetHints":{"allow":["GET"]}}],"collection":[{"href":"https:\/\/elviajero.com.do\/index.php\/wp-json\/wp\/v2\/posts"}],"about":[{"href":"https:\/\/elviajero.com.do\/index.php\/wp-json\/wp\/v2\/types\/post"}],"author":[{"embeddable":true,"href":"https:\/\/elviajero.com.do\/index.php\/wp-json\/wp\/v2\/users\/3"}],"replies":[{"embeddable":true,"href":"https:\/\/elviajero.com.do\/index.php\/wp-json\/wp\/v2\/comments?post=2659"}],"version-history":[{"count":1,"href":"https:\/\/elviajero.com.do\/index.php\/wp-json\/wp\/v2\/posts\/2659\/revisions"}],"predecessor-version":[{"id":2661,"href":"https:\/\/elviajero.com.do\/index.php\/wp-json\/wp\/v2\/posts\/2659\/revisions\/2661"}],"wp:featuredmedia":[{"embeddable":true,"href":"https:\/\/elviajero.com.do\/index.php\/wp-json\/wp\/v2\/media\/2660"}],"wp:attachment":[{"href":"https:\/\/elviajero.com.do\/index.php\/wp-json\/wp\/v2\/media?parent=2659"}],"wp:term":[{"taxonomy":"category","embeddable":true,"href":"https:\/\/elviajero.com.do\/index.php\/wp-json\/wp\/v2\/categories?post=2659"},{"taxonomy":"post_tag","embeddable":true,"href":"https:\/\/elviajero.com.do\/index.php\/wp-json\/wp\/v2\/tags?post=2659"}],"curies":[{"name":"wp","href":"https:\/\/api.w.org\/{rel}","templated":true}]}}