{"id":2709,"date":"2025-12-08T20:39:44","date_gmt":"2025-12-09T00:39:44","guid":{"rendered":"https:\/\/elviajero.com.do\/?p=2709"},"modified":"2025-12-08T20:39:44","modified_gmt":"2025-12-09T00:39:44","slug":"de-rutinario-califica-el-presidente-luis-abinader-entrada-de-aviones-militares-de-estados-unidos-al-pais","status":"publish","type":"post","link":"https:\/\/elviajero.com.do\/index.php\/2025\/12\/08\/de-rutinario-califica-el-presidente-luis-abinader-entrada-de-aviones-militares-de-estados-unidos-al-pais\/","title":{"rendered":"\u00a0De rutinario califica el presidente Luis Abinader entrada de aviones militares de Estados Unidos al pa\u00eds"},"content":{"rendered":"<p>El presidente <strong>Luis Abinader <\/strong>se refiri\u00f3 este lunes al aterrizaje de dos <strong>aeronaves militares estadounidenses<\/strong> en la <strong>Base A\u00e9rea de San Isidro<\/strong> y en el Aeropuerto El jefe del Estado dijo que estas acciones forman parte del convenio firmado a finales de noviembre junto al <strong>secretario de Guerra de Estados Unidos<\/strong>, <strong>Pete Hegseth<\/strong>, en el Palacio Nacional.<\/p>\n<p>En LA Semanal con la Prensa, Abinader dijo que las aeronaves salen y entran al territorio dominicano de manera rutinaria.<\/p>\n<p>\u201cEst\u00e1n entrando y saliendo aeronaves como parte del acuerdo que hemos firmado, <strong>entran y salen de manera rutinaria<\/strong>\u201d, expres\u00f3 el mandatario.<\/p>\n<p>Previamente, periodistas List\u00edn Diario reportaron la llegada de aviones militares desde la naci\u00f3n norteamericana.<strong> Los vuelos trajeron equipos y suministros especiales<\/strong>.<\/p>\n<p>La primera de las aeronaves, un imponente <strong>C-5 Super Galaxy<\/strong>, toc\u00f3 suelo dominicano por la Base A\u00e9rea de San Isidro, mientras que un<strong> C-17 Globemaster III<\/strong> lo hizo por el AILA.<\/p>\n<p>De acuerdo con informaciones ofrecidas al LIST\u00cdN DIARIO, la llegada de las dos <strong>aeronaves <\/strong>ayer se enmarca dentro de un plan previamente establecido de cooperaci\u00f3n internacional, cuyo contenido espec\u00edfico no fue detallado de inmediato a los medios de comunicaci\u00f3n.<\/p>\n<p>No obstante, se confirm\u00f3 que las cargas transportadas incluyen ayudas y equipos destinados a reforzar labores estrat\u00e9gicas de apoyo.<\/p>\n<p>&nbsp;<\/p>\n","protected":false},"excerpt":{"rendered":"<p>El presidente Luis Abinader se refiri\u00f3 este lunes al aterrizaje de dos aeronaves militares estadounidenses&#8230;<\/p>\n","protected":false},"author":3,"featured_media":2710,"comment_status":"open","ping_status":"open","sticky":false,"template":"","format":"standard","meta":{"footnotes":""},"categories":[5],"tags":[],"class_list":["post-2709","post","type-post","status-publish","format-standard","has-post-thumbnail","hentry","category-portada"],"_links":{"self":[{"href":"https:\/\/elviajero.com.do\/index.php\/wp-json\/wp\/v2\/posts\/2709","targetHints":{"allow":["GET"]}}],"collection":[{"href":"https:\/\/elviajero.com.do\/index.php\/wp-json\/wp\/v2\/posts"}],"about":[{"href":"https:\/\/elviajero.com.do\/index.php\/wp-json\/wp\/v2\/types\/post"}],"author":[{"embeddable":true,"href":"https:\/\/elviajero.com.do\/index.php\/wp-json\/wp\/v2\/users\/3"}],"replies":[{"embeddable":true,"href":"https:\/\/elviajero.com.do\/index.php\/wp-json\/wp\/v2\/comments?post=2709"}],"version-history":[{"count":1,"href":"https:\/\/elviajero.com.do\/index.php\/wp-json\/wp\/v2\/posts\/2709\/revisions"}],"predecessor-version":[{"id":2711,"href":"https:\/\/elviajero.com.do\/index.php\/wp-json\/wp\/v2\/posts\/2709\/revisions\/2711"}],"wp:featuredmedia":[{"embeddable":true,"href":"https:\/\/elviajero.com.do\/index.php\/wp-json\/wp\/v2\/media\/2710"}],"wp:attachment":[{"href":"https:\/\/elviajero.com.do\/index.php\/wp-json\/wp\/v2\/media?parent=2709"}],"wp:term":[{"taxonomy":"category","embeddable":true,"href":"https:\/\/elviajero.com.do\/index.php\/wp-json\/wp\/v2\/categories?post=2709"},{"taxonomy":"post_tag","embeddable":true,"href":"https:\/\/elviajero.com.do\/index.php\/wp-json\/wp\/v2\/tags?post=2709"}],"curies":[{"name":"wp","href":"https:\/\/api.w.org\/{rel}","templated":true}]}}