{"id":2745,"date":"2025-12-12T13:51:34","date_gmt":"2025-12-12T17:51:34","guid":{"rendered":"https:\/\/elviajero.com.do\/?p=2745"},"modified":"2025-12-12T13:51:34","modified_gmt":"2025-12-12T17:51:34","slug":"salud-publica-activa-protocolo-de-salud-en-aila-ante-flujo-de-pasajeros","status":"publish","type":"post","link":"https:\/\/elviajero.com.do\/index.php\/2025\/12\/12\/salud-publica-activa-protocolo-de-salud-en-aila-ante-flujo-de-pasajeros\/","title":{"rendered":"Salud Publica activa protocolo de salud en AILA ante flujo de pasajeros"},"content":{"rendered":"<div>\n<p><strong>Rafael Castro<\/strong><b><br \/>\n<strong>12 de diciembre de 2025<\/strong><br \/>\n<strong>Santo Domingo, RD<\/strong><\/b><\/p>\n<p>El Ministerio de Salud P\u00fablica mantiene activos y reforzados los protocolos epidemiol\u00f3gicos en el Aeropuerto Internacional de Las Am\u00e9ricas, Jos\u00e9 Francisco Pe\u00f1a G\u00f3mez (AILA), para evitar la entrada al pa\u00eds de cualquier variante del Covid-19 y otros virus respiratorios procedentes del extranjero, tras el aumento del flujo de pasajeros durante el periodo navide\u00f1o.<\/p>\n<p>De acuerdo con las autoridades, en la actualidad Rep\u00fablica Dominicana no registra un incremento de casos de Covid-19. La vigilancia epidemiol\u00f3gica indica que el virus se comporta como una infecci\u00f3n respiratoria m\u00e1s dentro del grupo de afecciones estacionales que circulan en el territorio nacional.<\/p>\n<p>La doctora Elizaida Mesa Matos, encargada de los Servicios del Ministerio de Salud P\u00fablica en el AILA, explic\u00f3 que el personal sanitario trabaja de forma continua en la aplicaci\u00f3n de protocolos preventivos y en la vigilancia de pasajeros provenientes de pa\u00edses donde se han detectado casos de Covid-19 u otros virus respiratorios.<\/p>\n<p>Mesa Matos detall\u00f3 que, cuando llegan viajeros con s\u00edntomas como tos, fiebre o problemas respiratorios, el departamento coordina con el Sistema Nacional de Emergencias 9-1-1 para brindar asistencia inmediata. En caso de que los pacientes requieran atenci\u00f3n especializada, son trasladados a centros de salud cercanos para su evaluaci\u00f3n.<\/p>\n<p>La funcionaria destac\u00f3 que, ante el aumento del flujo de pasajeros por las festividades navide\u00f1as entre dominicanos ausentes y turistas, se ha reforzado la vigilancia sanitaria para evitar que enfermedades puedan ingresar al pa\u00eds.<br \/>\n\u201cEstamos trabajando las 24 horas del d\u00eda en la vigilancia y prevenci\u00f3n de cualquier caso sospechoso de Covid-19 o de otra infecci\u00f3n respiratoria, aplicando los protocolos correspondientes de inmediato\u201d, afirm\u00f3.<\/p>\n<p>Asimismo, record\u00f3 que durante los meses de invierno aumenta la circulaci\u00f3n de virus gripales, especialmente entre viajeros provenientes de Estados Unidos, donde las bajas temperaturas favorecen las infecciones respiratorias.<\/p>\n<p>Explic\u00f3 que estos virus ingresan al organismo principalmente por la boca y las manos, por lo que la higiene frecuente contin\u00faa siendo una medida esencial.<\/p>\n<p>El personal epidemiol\u00f3gico del aeropuerto est\u00e1 provisto de mascarillas, guantes desechables y otros equipos de protecci\u00f3n para atender a pasajeros enfermos con tos, dolor de garganta, fiebre o s\u00edntomas similares, evitando as\u00ed exposiciones innecesarias.<\/p>\n<p>Mesa Matos inform\u00f3 tambi\u00e9n que se aplica un protocolo especial de vigilancia a los viajeros procedentes de Cuba, debido a la detecci\u00f3n de casos del virus de la chikungunya en esa isla. Esta enfermedad, transmitida por mosquitos, provoca fiebre alta repentina y dolor e hinchaz\u00f3n en las articulaciones.<\/p>\n<p>La doctora asegur\u00f3 que la vigilancia se mantiene activa en todo el per\u00edmetro aeroportuario y que el departamento cuenta con los insumos necesarios para actuar ante cualquier eventualidad sanitaria.<\/p>\n<p>Actualmente, la circulaci\u00f3n de la influenza resulta m\u00e1s relevante que la del Covid-19 en el pa\u00eds. Salud P\u00fablica recomienda a la poblaci\u00f3n usar mascarillas en espacios cerrados si presentan s\u00edntomas respiratorios, guardar reposo en casa para cortar la cadena de transmisi\u00f3n, lavarse frecuentemente las manos, ventilar los espacios y acudir al m\u00e9dico en caso de fiebre persistente o dificultad respiratoria.<\/p>\n<p>En d\u00edas recientes, el vir\u00f3logo e investigador dominicano Robert Paulino advirti\u00f3 que el comportamiento reciente del Covid-19 a nivel internacional con incremento de casos y hospitalizaciones en varios pa\u00edses, exige que Rep\u00fablica Dominicana mantenga medidas de anticipaci\u00f3n para evitar presiones sobre el sistema sanitario.<\/p>\n<p>Los reportes epidemiol\u00f3gicos actuales indican que en el pa\u00eds circulan simult\u00e1neamente varios virus respiratorios, entre ellos: virus sincitial respiratorio, influenza A(H3N2), A(H1N1)pdm09, influenza B\/Victoria, SARS-CoV-2 (Covid-19), adenovirus, metapneumovirus y parainfluenza.<\/p>\n<p>La Organizaci\u00f3n Mundial de la Salud (OMS) recuerda que los s\u00edntomas m\u00e1s comunes del Covid-19 son fiebre, escalofr\u00edos y dolor de garganta, entre otros.<\/p>\n<p>La mayor\u00eda de las personas se recupera sin necesidad de hospitalizaci\u00f3n, pero quienes presenten s\u00edntomas graves deben buscar atenci\u00f3n m\u00e9dica de inmediato.<\/p>\n<p class=\"yiv1049162122ydp45d49bd6MsoNormal\">\n<\/div>\n","protected":false},"excerpt":{"rendered":"<p>Rafael Castro 12 de diciembre de 2025 Santo Domingo, RD El Ministerio de Salud P\u00fablica&#8230;<\/p>\n","protected":false},"author":3,"featured_media":2746,"comment_status":"open","ping_status":"open","sticky":false,"template":"","format":"standard","meta":{"footnotes":""},"categories":[2],"tags":[],"class_list":["post-2745","post","type-post","status-publish","format-standard","has-post-thumbnail","hentry","category-nacionales"],"_links":{"self":[{"href":"https:\/\/elviajero.com.do\/index.php\/wp-json\/wp\/v2\/posts\/2745","targetHints":{"allow":["GET"]}}],"collection":[{"href":"https:\/\/elviajero.com.do\/index.php\/wp-json\/wp\/v2\/posts"}],"about":[{"href":"https:\/\/elviajero.com.do\/index.php\/wp-json\/wp\/v2\/types\/post"}],"author":[{"embeddable":true,"href":"https:\/\/elviajero.com.do\/index.php\/wp-json\/wp\/v2\/users\/3"}],"replies":[{"embeddable":true,"href":"https:\/\/elviajero.com.do\/index.php\/wp-json\/wp\/v2\/comments?post=2745"}],"version-history":[{"count":1,"href":"https:\/\/elviajero.com.do\/index.php\/wp-json\/wp\/v2\/posts\/2745\/revisions"}],"predecessor-version":[{"id":2747,"href":"https:\/\/elviajero.com.do\/index.php\/wp-json\/wp\/v2\/posts\/2745\/revisions\/2747"}],"wp:featuredmedia":[{"embeddable":true,"href":"https:\/\/elviajero.com.do\/index.php\/wp-json\/wp\/v2\/media\/2746"}],"wp:attachment":[{"href":"https:\/\/elviajero.com.do\/index.php\/wp-json\/wp\/v2\/media?parent=2745"}],"wp:term":[{"taxonomy":"category","embeddable":true,"href":"https:\/\/elviajero.com.do\/index.php\/wp-json\/wp\/v2\/categories?post=2745"},{"taxonomy":"post_tag","embeddable":true,"href":"https:\/\/elviajero.com.do\/index.php\/wp-json\/wp\/v2\/tags?post=2745"}],"curies":[{"name":"wp","href":"https:\/\/api.w.org\/{rel}","templated":true}]}}