{"id":2771,"date":"2025-12-15T15:15:30","date_gmt":"2025-12-15T19:15:30","guid":{"rendered":"https:\/\/elviajero.com.do\/?p=2771"},"modified":"2025-12-15T15:48:34","modified_gmt":"2025-12-15T19:48:34","slug":"presidente-abinader-y-david-collado-inaugura-parque-de-la-caleta","status":"publish","type":"post","link":"https:\/\/elviajero.com.do\/index.php\/2025\/12\/15\/presidente-abinader-y-david-collado-inaugura-parque-de-la-caleta\/","title":{"rendered":"\u00a0 Presidente Abinader y David Collado inaugura parque de La Caleta"},"content":{"rendered":"<p>Presidente Abinader y David Collado inaugura parque de La Caleta<\/p>\n<p>Santo Domiongo RD<\/p>\n<p>El presidente Luis Abinader y el ministro de Turismo, David Collado, inauguraron la primera etapa del reconstruido Parque Nacional Submarino La Caleta, cuya inversi\u00f3n total asciende a RD$420, 231,945.<\/p>\n<p>La obra comprende un \u00e1rea total de intervenci\u00f3n de 119,925 metros cuadrados, dentro de los cuales se realiz\u00f3 un paseo de 2.74 kil\u00f3metros, conmemorativos a los pa\u00edses de Am\u00e9rica y el Caribe, con el remozamiento de los escudos ubicados a la salida del AILA, conjuntamente con aproximadamente 20 mil metros cuadrados de plazas y senderos internos en el parque.<\/p>\n<p>La intervenci\u00f3n busca impulsar el turismo, rescatar el patrimonio natural, crear senderos, \u00e1reas recreativas y de servicios, con el objetivo de convertirlo en un atractivo para turistas que llegan y salen por el AILA.<\/p>\n<p>Abinader afirm\u00f3 que era tiempo de que se rescatara el parque submarino de La Caleta, un viejo reclamo de los residentes de la zona.<\/p>\n<p>Destac\u00f3 el gran valor hist\u00f3rico del parque y sus extraordinarias condiciones para los amantes del buceo.<\/p>\n<p>El Jefe de Estado aprovech\u00f3 para anunciar varias obras en beneficio de los residente en La Caleta, incluyente un puente peatonal.<\/p>\n<p>De su lado, Collado destac\u00f3 la importancia de la obra, que busca el rescate del patrimonio natural de ese parque y convertir el mismo en un atractivo para los turistas que llegan y salen por el aeropuerto internacional de Las Am\u00e9ricas y para visitantes de todo el pa\u00eds.<\/p>\n<p>\u201cSin lugar a dudas, este parque submarino, de gran valor hist\u00f3rico, dar\u00e1 la bienvenida a los miles de turistas que llegan por el aeropuerto internacional de Las Am\u00e9ricas \u201d, dijo.<\/p>\n<p>Afirm\u00f3 que el remodelado parque tambi\u00e9n servir\u00e1 para que los turistas que se marchan de el pa\u00eds \u00abpueden realizar una especie de \u00faltima visitas a un lugar hermoso, lleno de historia y naturaleza\u00bb.<\/p>\n<p>La intervenci\u00f3n cuenta con la construcci\u00f3n de nuevos senderos peatonales, estacionamientos, miradores, \u00e1reas de recreaci\u00f3n infantil y m\u00f3dulo de p\u00e9rgolas para vendedores.<\/p>\n<p>&nbsp;<\/p>\n","protected":false},"excerpt":{"rendered":"<p>Presidente Abinader y David Collado inaugura parque de La Caleta Santo Domiongo RD El presidente&#8230;<\/p>\n","protected":false},"author":3,"featured_media":2772,"comment_status":"open","ping_status":"open","sticky":false,"template":"","format":"standard","meta":{"footnotes":""},"categories":[2,5],"tags":[],"class_list":["post-2771","post","type-post","status-publish","format-standard","has-post-thumbnail","hentry","category-nacionales","category-portada"],"_links":{"self":[{"href":"https:\/\/elviajero.com.do\/index.php\/wp-json\/wp\/v2\/posts\/2771","targetHints":{"allow":["GET"]}}],"collection":[{"href":"https:\/\/elviajero.com.do\/index.php\/wp-json\/wp\/v2\/posts"}],"about":[{"href":"https:\/\/elviajero.com.do\/index.php\/wp-json\/wp\/v2\/types\/post"}],"author":[{"embeddable":true,"href":"https:\/\/elviajero.com.do\/index.php\/wp-json\/wp\/v2\/users\/3"}],"replies":[{"embeddable":true,"href":"https:\/\/elviajero.com.do\/index.php\/wp-json\/wp\/v2\/comments?post=2771"}],"version-history":[{"count":1,"href":"https:\/\/elviajero.com.do\/index.php\/wp-json\/wp\/v2\/posts\/2771\/revisions"}],"predecessor-version":[{"id":2773,"href":"https:\/\/elviajero.com.do\/index.php\/wp-json\/wp\/v2\/posts\/2771\/revisions\/2773"}],"wp:featuredmedia":[{"embeddable":true,"href":"https:\/\/elviajero.com.do\/index.php\/wp-json\/wp\/v2\/media\/2772"}],"wp:attachment":[{"href":"https:\/\/elviajero.com.do\/index.php\/wp-json\/wp\/v2\/media?parent=2771"}],"wp:term":[{"taxonomy":"category","embeddable":true,"href":"https:\/\/elviajero.com.do\/index.php\/wp-json\/wp\/v2\/categories?post=2771"},{"taxonomy":"post_tag","embeddable":true,"href":"https:\/\/elviajero.com.do\/index.php\/wp-json\/wp\/v2\/tags?post=2771"}],"curies":[{"name":"wp","href":"https:\/\/api.w.org\/{rel}","templated":true}]}}