{"id":2839,"date":"2025-12-19T16:23:48","date_gmt":"2025-12-19T20:23:48","guid":{"rendered":"https:\/\/elviajero.com.do\/?p=2839"},"modified":"2025-12-19T16:37:33","modified_gmt":"2025-12-19T20:37:33","slug":"da-recibe-a-la-diaspora-dominicana-a-ritmo-de-volvio-juanita-en-el-aeropuerto-las-americas","status":"publish","type":"post","link":"https:\/\/elviajero.com.do\/index.php\/2025\/12\/19\/da-recibe-a-la-diaspora-dominicana-a-ritmo-de-volvio-juanita-en-el-aeropuerto-las-americas\/","title":{"rendered":"DA recibe a la di\u00e1spora dominicana a ritmo de \u201cVolvi\u00f3 Juanita\u201d en el Aeropuerto Las Am\u00e9ricas"},"content":{"rendered":"<p><em>Rafael Castro<\/em><br \/>\n<em>19 de diciembre de 2025<\/em><br \/>\n<em>Santo Domingo.\u2013 Aeropuerto Internacional de Las Am\u00e9ricas<\/em><\/p>\n<p>A ritmo contagiosos merengues, con banderas tricolores en alto y un ambiente cargado de emoci\u00f3n, cientos de dominicanos radicados en el exterior fueron recibidos este viernes en el Aeropuerto Internacional de Las Am\u00e9ricas, doctor Jos\u00e9 Francisco Pe\u00f1a G\u00f3mez (AILA), como parte de las actividades conmemorativas del <strong>D\u00eda del Dominicano en el Exterior<\/strong>, que se celebra cada 20 de diciembre.<\/p>\n<p>El Departamento Aeroportuario (DA) dio la bienvenida a cientos de dominicanos residentes en el exterior, quienes arribaron por el Aeropuerto Internacional de las Am\u00e9ricas (AILA) para pasar las festividades navide\u00f1as y de a\u00f1o nuevo con sus familiares.<\/p>\n<p>En su tradicional acto de recibimiento del \u201cDominicano en el Exterior\u201d, a prop\u00f3sito de que este 20 de diciembre se instituy\u00f3 este d\u00eda ,mediante la ley 101-87, cargado de alegr\u00eda, m\u00fasica y confraternidad, el director del DA, V\u00edctor Pichardo, comparti\u00f3 saludos con los visitantes y obsequi\u00f3 una r\u00e9plica de la bandera tricolor.<\/p>\n<p>\u201cHoy, la Rep\u00fablica Dominicana est\u00e1 de fiesta. Los dominicanos que residen en el exterior, representan una pieza fundamental para el sost\u00e9n de nuestra econom\u00eda, fruto de su esfuerzo, dedicaci\u00f3n y sacrificio\u201d, expres\u00f3 Pichardo en sus palabras centrales.<\/p>\n<p>Pichardo destac\u00f3 el avance del Sistema Aeroportuario Dominicano, resaltando la inversi\u00f3n de 700 millones de d\u00f3lares en las diferentes terminales, tanto privadas como concesionadas, \u201cpara que hoy contemos con aeropuertos m\u00e1s seguros y confiables, gracias a la visi\u00f3n del presidente Luis Abinader\u201d.<\/p>\n<p>Invit\u00f3 a los criollos que llegan al pa\u00eds a compartir con sus familiares y seres queridos, en un per\u00edodo que calific\u00f3 de amor, confraternidad y esperanza para todo el pueblo dominicano. \u201cQue Dios les bendiga\u201d, concluy\u00f3.<\/p>\n<p>La di\u00e1spora dominicana fue recibida con emotivas canciones distintivas de nuestra identidad como Santo Domingo, Mi Pueblo, Alegre Vengo y Volvi\u00f3 Juanita, interpretadas por el coro del Departamento Aeroportuario.<\/p>\n<p>\u201cEstoy feliz de llegar a mi pa\u00eds a compartir con mis familiares. Vengo con mis hijos y realmente tenemos muchos planes en esta navidad\u201d expres\u00f3 Teresa Cuevas, quien lleg\u00f3 al pa\u00eds desde Uruguay.<\/p>\n<p>Entre los participantes en el acto de bienvenida estuvieron el jefe de la Fuerza A\u00e9rea Dominicana, mayor general Floreal Su\u00e1rez; el director del CESAC, general Enmanuel Souffront Tamayo, Bernarda Franco en representaci\u00f3n de la Junta Aviaci\u00f3n Civil; representantes de Aerodom, entre otros invitados del sector.<\/p>\n<p>Los criollos arribaron en distintos vuelos procedentes de Nueva York y otras ciudades de los Estados Unidos, reencontr\u00e1ndose con su tierra en medio de un c\u00e1lido y festivo recibimiento organizado por el <strong>Departamento Aeroportuario<\/strong>, en coordinaci\u00f3n con la administraci\u00f3n del aeropuerto y otras instituciones del Estado.<\/p>\n<p>Desde el momento en que descend\u00edan de las aeronaves, los pasajeros eran recibidos por una orquesta de merengue y un conjunto t\u00edpico que animaron los salones de llegada.<\/p>\n<p>Muchos de los viajeros, visiblemente emocionados, bailaban, cantaban y levantaban la bandera dominicana mientras avanzaban hacia los controles de migraci\u00f3n y aduanas, celebrando con j\u00fabilo su retorno a la patria.<\/p>\n<p>El ambiente festivo fue complementado por presentaciones del <strong>Ballet Folkl\u00f3rico del Ministerio de Turismo<\/strong>, cuyas danzas tradicionales arrancaron aplausos y sonrisas de los reci\u00e9n llegados, en su mayor\u00eda acompa\u00f1ados de familiares y amigos.<\/p>\n<p>El colorido espect\u00e1culo sirvi\u00f3 para reafirmar las ra\u00edces culturales y el v\u00ednculo permanente que une a la di\u00e1spora dominicana con su pa\u00eds de origen.<\/p>\n<p>Los pasajeros, cargados de regalos y art\u00edculos para sus seres queridos, expresaron su satisfacci\u00f3n por el recibimiento brindado por las autoridades aeroportuarias. Muchos destacaron el trato cordial y el orgullo que sintieron al ser acogidos con m\u00fasica, s\u00edmbolos patrios y expresiones culturales que evocan lo mejor de la dominicanidad.<\/p>\n<p>Durante la actividad, representantes oficiales reiteraron que para el <strong>Gobierno del presidente Luis Abinader<\/strong> es fundamental garantizar un trato digno y respetuoso a los dominicanos residentes en el exterior, as\u00ed como ofrecerles facilidades en su ingreso al pa\u00eds por los distintos aeropuertos nacionales.<\/p>\n<p>Asimismo, se record\u00f3 que las <strong>gracias navide\u00f1as<\/strong> otorgadas por el Gobierno, a trav\u00e9s de la Direcci\u00f3n General de Aduanas, permiten a los criollos introducir al pa\u00eds art\u00edculos y regalos por un monto de hasta <strong>5,500 d\u00f3lares libres de impuestos<\/strong>, disposici\u00f3n que seg\u00fan aseguraron las autoridades\u2014 se cumple de manera estricta en beneficio de la di\u00e1spora.<\/p>\n<p>\u201cLos dominicanos residentes en el exterior son un soporte y un pilar fundamental de la econom\u00eda nacional, y merecen recibir un buen trato y todas las facilidades a su llegada\u201d, expresaron funcionarios durante el acto.<\/p>\n<p>En las \u00faltimas horas, la terminal a\u00e9rea ha registrado un <strong>incremento considerable en la llegada de pasajeros<\/strong>, impulsado por las festividades de Nochebuena y A\u00f1o Nuevo.<\/p>\n<p><img loading=\"lazy\" decoding=\"async\" class=\"alignnone size-full wp-image-2841\" src=\"https:\/\/elviajero.com.do\/wp-content\/uploads\/2025\/12\/IMG-20251219-WA0050-scaled.jpg\" alt=\"\" width=\"2560\" height=\"1785\" srcset=\"https:\/\/elviajero.com.do\/wp-content\/uploads\/2025\/12\/IMG-20251219-WA0050-scaled.jpg 2560w, https:\/\/elviajero.com.do\/wp-content\/uploads\/2025\/12\/IMG-20251219-WA0050-300x209.jpg 300w, https:\/\/elviajero.com.do\/wp-content\/uploads\/2025\/12\/IMG-20251219-WA0050-1024x714.jpg 1024w, https:\/\/elviajero.com.do\/wp-content\/uploads\/2025\/12\/IMG-20251219-WA0050-768x535.jpg 768w, https:\/\/elviajero.com.do\/wp-content\/uploads\/2025\/12\/IMG-20251219-WA0050-1536x1071.jpg 1536w, https:\/\/elviajero.com.do\/wp-content\/uploads\/2025\/12\/IMG-20251219-WA0050-2048x1428.jpg 2048w\" sizes=\"auto, (max-width: 2560px) 100vw, 2560px\" \/><\/p>\n","protected":false},"excerpt":{"rendered":"<p>Rafael Castro 19 de diciembre de 2025 Santo Domingo.\u2013 Aeropuerto Internacional de Las Am\u00e9ricas A&#8230;<\/p>\n","protected":false},"author":3,"featured_media":2844,"comment_status":"open","ping_status":"open","sticky":false,"template":"","format":"standard","meta":{"footnotes":""},"categories":[5],"tags":[],"class_list":["post-2839","post","type-post","status-publish","format-standard","has-post-thumbnail","hentry","category-portada"],"_links":{"self":[{"href":"https:\/\/elviajero.com.do\/index.php\/wp-json\/wp\/v2\/posts\/2839","targetHints":{"allow":["GET"]}}],"collection":[{"href":"https:\/\/elviajero.com.do\/index.php\/wp-json\/wp\/v2\/posts"}],"about":[{"href":"https:\/\/elviajero.com.do\/index.php\/wp-json\/wp\/v2\/types\/post"}],"author":[{"embeddable":true,"href":"https:\/\/elviajero.com.do\/index.php\/wp-json\/wp\/v2\/users\/3"}],"replies":[{"embeddable":true,"href":"https:\/\/elviajero.com.do\/index.php\/wp-json\/wp\/v2\/comments?post=2839"}],"version-history":[{"count":6,"href":"https:\/\/elviajero.com.do\/index.php\/wp-json\/wp\/v2\/posts\/2839\/revisions"}],"predecessor-version":[{"id":2847,"href":"https:\/\/elviajero.com.do\/index.php\/wp-json\/wp\/v2\/posts\/2839\/revisions\/2847"}],"wp:featuredmedia":[{"embeddable":true,"href":"https:\/\/elviajero.com.do\/index.php\/wp-json\/wp\/v2\/media\/2844"}],"wp:attachment":[{"href":"https:\/\/elviajero.com.do\/index.php\/wp-json\/wp\/v2\/media?parent=2839"}],"wp:term":[{"taxonomy":"category","embeddable":true,"href":"https:\/\/elviajero.com.do\/index.php\/wp-json\/wp\/v2\/categories?post=2839"},{"taxonomy":"post_tag","embeddable":true,"href":"https:\/\/elviajero.com.do\/index.php\/wp-json\/wp\/v2\/tags?post=2839"}],"curies":[{"name":"wp","href":"https:\/\/api.w.org\/{rel}","templated":true}]}}