{"id":2873,"date":"2025-12-23T17:38:04","date_gmt":"2025-12-23T21:38:04","guid":{"rendered":"https:\/\/elviajero.com.do\/?p=2873"},"modified":"2025-12-23T17:39:49","modified_gmt":"2025-12-23T21:39:49","slug":"gobierno-despliega-mas-de-48-mil-agentes-en-operativo-conciencia-por-la-vida-navidad-y-ano-nuevo-2025-2026","status":"publish","type":"post","link":"https:\/\/elviajero.com.do\/index.php\/2025\/12\/23\/gobierno-despliega-mas-de-48-mil-agentes-en-operativo-conciencia-por-la-vida-navidad-y-ano-nuevo-2025-2026\/","title":{"rendered":"Gobierno despliega m\u00e1s de 48 mil agentes en operativo \u201cConciencia por la Vida Navidad y A\u00f1o Nuevo 2025-2026\u201d"},"content":{"rendered":"<p data-start=\"114\" data-end=\"513\">Rafael Castro 23 de diciembre 2025<\/p>\n<p>\u00a0Santo Domingo, RD.<\/p>\n<p>El Gobierno dominicano anunci\u00f3 este martes el despliegue de 48,470 agentes pertenecientes a los distintos organismos de seguridad del Estado, como parte de la primera fase del operativo \u201cConciencia por la Vida Navidad y A\u00f1o Nuevo 2025-2026\u201d, una iniciativa orientada a preservar vidas, garantizar el orden p\u00fablico y reforzar la seguridad ciudadana durante la temporada festiva.<\/p>\n<p data-start=\"515\" data-end=\"972\">El operativo, que se desarrolla en todo el territorio nacional, contempla la participaci\u00f3n conjunta de la Polic\u00eda Nacional, las Fuerzas Armadas, la Direcci\u00f3n General de Seguridad de Tr\u00e1nsito y Transporte Terrestre (Digesett), el Centro de Operaciones de Emergencias (COE), la Defensa Civil, el Cuerpo de Bomberos y otros organismos de respuesta, que trabajar\u00e1n de manera coordinada para prevenir incidentes y atender emergencias propias del asueto navide\u00f1o.<\/p>\n<p data-start=\"974\" data-end=\"1430\"><img loading=\"lazy\" decoding=\"async\" class=\"alignnone size-medium wp-image-2876\" src=\"https:\/\/elviajero.com.do\/wp-content\/uploads\/2025\/12\/671c583a18def-300x144.jpeg\" alt=\"\" width=\"300\" height=\"144\" srcset=\"https:\/\/elviajero.com.do\/wp-content\/uploads\/2025\/12\/671c583a18def-300x144.jpeg 300w, https:\/\/elviajero.com.do\/wp-content\/uploads\/2025\/12\/671c583a18def.jpeg 627w\" sizes=\"auto, (max-width: 300px) 100vw, 300px\" \/>Las autoridades explicaron que esta primera fase est\u00e1 enfocada en la prevenci\u00f3n de accidentes de tr\u00e1nsito, la regulaci\u00f3n del consumo de alcohol, el control del uso de fuegos artificiales, as\u00ed como en el fortalecimiento de la vigilancia en carreteras, autopistas, zonas urbanas, playas, balnearios y centros de gran concentraci\u00f3n de personas. Asimismo, se reforzar\u00e1 la seguridad en \u00e1reas comerciales, terminales de transporte y puntos estrat\u00e9gicos del pa\u00eds.<\/p>\n<p data-start=\"1432\" data-end=\"1750\">Como parte del dispositivo, se instalar\u00e1n puestos de asistencia vial y de socorro, se incrementar\u00e1n los patrullajes preventivos y se mantendr\u00e1 una supervisi\u00f3n constante en las principales v\u00edas del pa\u00eds, con el objetivo de reducir la cantidad de accidentes y garantizar una r\u00e1pida respuesta ante cualquier eventualidad.<\/p>\n<p data-start=\"1752\" data-end=\"2093\">El Gobierno reiter\u00f3 su llamado a la ciudadan\u00eda a actuar con prudencia y responsabilidad durante las celebraciones de Navidad y A\u00f1o Nuevo, respetando las normas de tr\u00e1nsito, evitando el consumo excesivo de alcohol y colaborando con las autoridades para que las festividades transcurran en un ambiente de paz, seguridad y convivencia familiar.<\/p>\n<p data-start=\"2095\" data-end=\"2445\" data-is-last-node=\"\" data-is-only-node=\"\">El operativo \u201cConciencia por la Vida Navidad y A\u00f1o Nuevo 2025-2026\u201d se extender\u00e1 durante todo el per\u00edodo festivo y ser\u00e1 evaluado de manera continua, a fin de reforzar las acciones necesarias que permitan proteger la integridad de la poblaci\u00f3n y reducir al m\u00ednimo los riesgos asociados a la movilidad y las celebraciones propias de esta \u00e9poca del a\u00f1o.<\/p>\n","protected":false},"excerpt":{"rendered":"<p>Rafael Castro 23 de diciembre 2025 \u00a0Santo Domingo, RD. El Gobierno dominicano anunci\u00f3 este martes&#8230;<\/p>\n","protected":false},"author":3,"featured_media":2874,"comment_status":"open","ping_status":"open","sticky":false,"template":"","format":"standard","meta":{"footnotes":""},"categories":[5],"tags":[],"class_list":["post-2873","post","type-post","status-publish","format-standard","has-post-thumbnail","hentry","category-portada"],"_links":{"self":[{"href":"https:\/\/elviajero.com.do\/index.php\/wp-json\/wp\/v2\/posts\/2873","targetHints":{"allow":["GET"]}}],"collection":[{"href":"https:\/\/elviajero.com.do\/index.php\/wp-json\/wp\/v2\/posts"}],"about":[{"href":"https:\/\/elviajero.com.do\/index.php\/wp-json\/wp\/v2\/types\/post"}],"author":[{"embeddable":true,"href":"https:\/\/elviajero.com.do\/index.php\/wp-json\/wp\/v2\/users\/3"}],"replies":[{"embeddable":true,"href":"https:\/\/elviajero.com.do\/index.php\/wp-json\/wp\/v2\/comments?post=2873"}],"version-history":[{"count":3,"href":"https:\/\/elviajero.com.do\/index.php\/wp-json\/wp\/v2\/posts\/2873\/revisions"}],"predecessor-version":[{"id":2878,"href":"https:\/\/elviajero.com.do\/index.php\/wp-json\/wp\/v2\/posts\/2873\/revisions\/2878"}],"wp:featuredmedia":[{"embeddable":true,"href":"https:\/\/elviajero.com.do\/index.php\/wp-json\/wp\/v2\/media\/2874"}],"wp:attachment":[{"href":"https:\/\/elviajero.com.do\/index.php\/wp-json\/wp\/v2\/media?parent=2873"}],"wp:term":[{"taxonomy":"category","embeddable":true,"href":"https:\/\/elviajero.com.do\/index.php\/wp-json\/wp\/v2\/categories?post=2873"},{"taxonomy":"post_tag","embeddable":true,"href":"https:\/\/elviajero.com.do\/index.php\/wp-json\/wp\/v2\/tags?post=2873"}],"curies":[{"name":"wp","href":"https:\/\/api.w.org\/{rel}","templated":true}]}}