{"id":2909,"date":"2025-12-24T19:46:47","date_gmt":"2025-12-24T23:46:47","guid":{"rendered":"https:\/\/elviajero.com.do\/?p=2909"},"modified":"2025-12-24T19:46:47","modified_gmt":"2025-12-24T23:46:47","slug":"mi-deseo-para-el-2026","status":"publish","type":"post","link":"https:\/\/elviajero.com.do\/index.php\/2025\/12\/24\/mi-deseo-para-el-2026\/","title":{"rendered":"Mi deseo para el 2026"},"content":{"rendered":"<div class=\"msg-body P_wpofO mq_AS\" data-test-id=\"message-view-body-content\">\n<div class=\"jb_0 X_6MGW N_6Fd5\">\n<div>\n<div id=\"yiv3602945144\">\n<div>\n<div>\n<div>Por Pablo Vicente<\/div>\n<div><\/div>\n<div>El 2026 se asoma en el horizonte como una p\u00e1gina en blanco, llena de posibilidades. M\u00e1s que un simple cambio de calendario, representa una oportunidad colectiva para corregir rumbos, sanar heridas y construir un futuro m\u00e1s justo y humano. Mi deseo para el 2026 nace del anhelo de millones de personas que sue\u00f1an con vivir en sociedades m\u00e1s honestas, solidarias y equitativas.<\/div>\n<div><\/div>\n<div>Uno de los pilares fundamentales de ese deseo es una mayor transparencia y una lucha firme y constante contra la corrupci\u00f3n. La corrupci\u00f3n no solo desv\u00eda recursos p\u00fablicos; tambi\u00e9n destruye la confianza ciudadana, debilita las instituciones y frena el desarrollo. Aspiro a un 2026 donde la rendici\u00f3n de cuentas sea real, donde la impunidad no tenga espacio y donde el ejercicio del poder est\u00e9 guiado por la \u00e9tica y el compromiso con el bien com\u00fan.<\/div>\n<div><\/div>\n<div>Asimismo, deseo un 2026 con menores desigualdades sociales. Las brechas econ\u00f3micas y sociales no pueden seguir profundiz\u00e1ndose. La justicia social debe traducirse en oportunidades reales para todos: acceso a educaci\u00f3n de calidad, servicios de salud dignos, empleos bien remunerados y condiciones de vida que respeten la dignidad humana. Reducir las desigualdades es fortalecer la cohesi\u00f3n social y garantizar estabilidad a largo plazo.<\/div>\n<div><\/div>\n<div>Un aspecto esencial de este anhelo es contar con partidos pol\u00edticos que fortalezcan la democracia interna, que promuevan la participaci\u00f3n de sus militantes, el liderazgo transparente y la toma de decisiones colectivas. Los partidos deben ser verdaderas escuelas de democracia y asumir un mayor compromiso social, manteniendo un v\u00ednculo constante con la ciudadan\u00eda y sus necesidades reales.<\/div>\n<div><\/div>\n<div>Tambi\u00e9n deseo una ciudadan\u00eda m\u00e1s consciente, cr\u00edtica y participativa, capaz de exigir derechos, pero tambi\u00e9n de asumir responsabilidades. Una democracia s\u00f3lida se construye con instituciones fuertes y con un pueblo activo que vigila, propone y se involucra.<\/div>\n<div><\/div>\n<div>Finalmente, mi deseo para el 2026 es que recuperemos la esperanza como motor de transformaci\u00f3n. Que dejemos atr\u00e1s el conformismo y apostemos por un futuro donde la honestidad, la justicia y la solidaridad sean valores cotidianos. Si existe voluntad colectiva, el cambio es posible y el 2026 puede marcar el inicio de una etapa m\u00e1s digna y prometedora para todos.<\/div>\n<\/div>\n<\/div>\n<\/div>\n<\/div>\n<\/div>\n<\/div>\n","protected":false},"excerpt":{"rendered":"<p>Por Pablo Vicente El 2026 se asoma en el horizonte como una p\u00e1gina en blanco,&#8230;<\/p>\n","protected":false},"author":3,"featured_media":2910,"comment_status":"open","ping_status":"open","sticky":false,"template":"","format":"standard","meta":{"footnotes":""},"categories":[7],"tags":[],"class_list":["post-2909","post","type-post","status-publish","format-standard","has-post-thumbnail","hentry","category-opiniones"],"_links":{"self":[{"href":"https:\/\/elviajero.com.do\/index.php\/wp-json\/wp\/v2\/posts\/2909","targetHints":{"allow":["GET"]}}],"collection":[{"href":"https:\/\/elviajero.com.do\/index.php\/wp-json\/wp\/v2\/posts"}],"about":[{"href":"https:\/\/elviajero.com.do\/index.php\/wp-json\/wp\/v2\/types\/post"}],"author":[{"embeddable":true,"href":"https:\/\/elviajero.com.do\/index.php\/wp-json\/wp\/v2\/users\/3"}],"replies":[{"embeddable":true,"href":"https:\/\/elviajero.com.do\/index.php\/wp-json\/wp\/v2\/comments?post=2909"}],"version-history":[{"count":1,"href":"https:\/\/elviajero.com.do\/index.php\/wp-json\/wp\/v2\/posts\/2909\/revisions"}],"predecessor-version":[{"id":2911,"href":"https:\/\/elviajero.com.do\/index.php\/wp-json\/wp\/v2\/posts\/2909\/revisions\/2911"}],"wp:featuredmedia":[{"embeddable":true,"href":"https:\/\/elviajero.com.do\/index.php\/wp-json\/wp\/v2\/media\/2910"}],"wp:attachment":[{"href":"https:\/\/elviajero.com.do\/index.php\/wp-json\/wp\/v2\/media?parent=2909"}],"wp:term":[{"taxonomy":"category","embeddable":true,"href":"https:\/\/elviajero.com.do\/index.php\/wp-json\/wp\/v2\/categories?post=2909"},{"taxonomy":"post_tag","embeddable":true,"href":"https:\/\/elviajero.com.do\/index.php\/wp-json\/wp\/v2\/tags?post=2909"}],"curies":[{"name":"wp","href":"https:\/\/api.w.org\/{rel}","templated":true}]}}