{"id":2913,"date":"2025-12-24T20:00:59","date_gmt":"2025-12-25T00:00:59","guid":{"rendered":"https:\/\/elviajero.com.do\/?p=2913"},"modified":"2025-12-24T20:01:14","modified_gmt":"2025-12-25T00:01:14","slug":"tormenta-invernal-obliga-a-california-a-declarar-estado-de-emergencia-en-zonas-clave","status":"publish","type":"post","link":"https:\/\/elviajero.com.do\/index.php\/2025\/12\/24\/tormenta-invernal-obliga-a-california-a-declarar-estado-de-emergencia-en-zonas-clave\/","title":{"rendered":"Tormenta invernal obliga a California a declarar estado de emergencia en zonas clave"},"content":{"rendered":"<p>El \u00a0gobernador de California, Gavin Newsom, declar\u00f3 este mi\u00e9rcoles el estado de emergencia en seis condados ante el avance de una potente tormenta invernal que amenaza con provocar inundaciones, deslizamientos de tierra y da\u00f1os generalizados en amplias zonas del estado.<\/p>\n<p><strong>La medida abarca a los condados de Los \u00c1ngeles, Orange, Riverside, San Bernardino, San Diego y Shasta<\/strong>, regiones donde las autoridades prev\u00e9n lluvias intensas, r\u00e1fagas de viento peligrosas y un aumento r\u00e1pido del caudal de r\u00edos y arroyos.<\/p>\n<p>El anuncio se produce en momentos en que el sistema clim\u00e1tico contin\u00faa desplaz\u00e1ndose desde el norte hacia el sur de California.<\/p>\n<p><strong>\u201cEstamos actuando con anticipaci\u00f3n para enfrentar estas tormentas invernales peligrosas\u201d,<\/strong> se\u00f1al\u00f3 Newsom en un comunicado, en el que subray\u00f3 que el estado coordina esfuerzos con gobiernos locales para proteger a las comunidades y reducir riesgos para la poblaci\u00f3n.<\/p>\n<p><strong>El sur de California enfrenta un escenario especialmente delicado debido a las precipitaciones persistentes.<\/strong><\/p>\n<p>Las autoridades advirtieron que las zonas afectadas recientemente por incendios forestales corren un riesgo elevado de<strong> deslizamientos de lodo y flujos de escombros, ya que el suelo carece de vegetaci\u00f3n que ayude a absorber el agua.<\/strong><\/p>\n<p><strong>Estado de emergencia<\/strong><\/p>\n<p>Como parte de la respuesta, el gobernador orden\u00f3 el despliegue preventivo de recursos de emergencia en todo el estado. <strong>Entre ellos se incluyen 55 camiones de bomberos, diez equipos especializados en rescates en aguas r\u00e1pidas y m\u00e1s de 300 efectivos<\/strong> destinados a apoyar a las autoridades locales y reforzar las labores de prevenci\u00f3n.<\/p>\n<p>La proclamaci\u00f3n del estado de emergencia<strong> facilita la movilizaci\u00f3n inmediata de recursos estatales y permite, si es necesario, el despliegue de la Guardia Nacional de California.<\/strong> Tambi\u00e9n agiliza los mecanismos de asistencia a los gobiernos locales que enfrenten da\u00f1os o emergencias derivadas del temporal.<\/p>\n<p><strong>Newsom pidi\u00f3 a los residentes seguir las indicaciones de las autoridades y evitar desplazarse por carreteras inundadas. <\/strong><\/p>\n<p><strong>En algunas zonas, ya se emitieron \u00f3rdenes de evacuaci\u00f3n para viviendas ubicadas en \u00e1reas de alto riesgo,<\/strong> mientras que a otros residentes se les recomend\u00f3 permanecer en casa.<\/p>\n<p>La tormenta, impulsada por una serie de r\u00edos atmosf\u00e9ricos, podr\u00eda convertirse en una de las m\u00e1s intensas registradas en esta \u00e9poca navide\u00f1a.<\/p>\n<p><strong>El sistema ya provoc\u00f3 inundaciones en el norte del estado, <\/strong>donde se confirm\u00f3 al menos una v\u00edctima mortal, y se espera que el riesgo se extienda al \u00c1rea de la Bah\u00eda de San Francisco y la Costa Central en los pr\u00f3ximos d\u00edas.<\/p>\n<p><em>Con informaci\u00f3n de EFE.<\/em><\/p>\n<p>&nbsp;<\/p>\n","protected":false},"excerpt":{"rendered":"<p>El \u00a0gobernador de California, Gavin Newsom, declar\u00f3 este mi\u00e9rcoles el estado de emergencia en seis&#8230;<\/p>\n","protected":false},"author":3,"featured_media":2914,"comment_status":"open","ping_status":"open","sticky":false,"template":"","format":"standard","meta":{"footnotes":""},"categories":[5],"tags":[],"class_list":["post-2913","post","type-post","status-publish","format-standard","has-post-thumbnail","hentry","category-portada"],"_links":{"self":[{"href":"https:\/\/elviajero.com.do\/index.php\/wp-json\/wp\/v2\/posts\/2913","targetHints":{"allow":["GET"]}}],"collection":[{"href":"https:\/\/elviajero.com.do\/index.php\/wp-json\/wp\/v2\/posts"}],"about":[{"href":"https:\/\/elviajero.com.do\/index.php\/wp-json\/wp\/v2\/types\/post"}],"author":[{"embeddable":true,"href":"https:\/\/elviajero.com.do\/index.php\/wp-json\/wp\/v2\/users\/3"}],"replies":[{"embeddable":true,"href":"https:\/\/elviajero.com.do\/index.php\/wp-json\/wp\/v2\/comments?post=2913"}],"version-history":[{"count":2,"href":"https:\/\/elviajero.com.do\/index.php\/wp-json\/wp\/v2\/posts\/2913\/revisions"}],"predecessor-version":[{"id":2916,"href":"https:\/\/elviajero.com.do\/index.php\/wp-json\/wp\/v2\/posts\/2913\/revisions\/2916"}],"wp:featuredmedia":[{"embeddable":true,"href":"https:\/\/elviajero.com.do\/index.php\/wp-json\/wp\/v2\/media\/2914"}],"wp:attachment":[{"href":"https:\/\/elviajero.com.do\/index.php\/wp-json\/wp\/v2\/media?parent=2913"}],"wp:term":[{"taxonomy":"category","embeddable":true,"href":"https:\/\/elviajero.com.do\/index.php\/wp-json\/wp\/v2\/categories?post=2913"},{"taxonomy":"post_tag","embeddable":true,"href":"https:\/\/elviajero.com.do\/index.php\/wp-json\/wp\/v2\/tags?post=2913"}],"curies":[{"name":"wp","href":"https:\/\/api.w.org\/{rel}","templated":true}]}}