{"id":2963,"date":"2025-12-29T20:24:31","date_gmt":"2025-12-30T00:24:31","guid":{"rendered":"https:\/\/elviajero.com.do\/?p=2963"},"modified":"2025-12-29T20:24:40","modified_gmt":"2025-12-30T00:24:40","slug":"el-director-del-idac-revela-que-este-ano-el-pais-establecio-un-record-de-213765-operaciones-de-vuelos","status":"publish","type":"post","link":"https:\/\/elviajero.com.do\/index.php\/2025\/12\/29\/el-director-del-idac-revela-que-este-ano-el-pais-establecio-un-record-de-213765-operaciones-de-vuelos\/","title":{"rendered":"El director del IDAC revela que este a\u00f1o el pa\u00eds, estableci\u00f3 un r\u00e9cord de 213,765 operaciones de vuelos"},"content":{"rendered":"<p>Rafael Castro 29 de diciembre 2025<\/p>\n<p>Santo Domingo.\u2013<\/p>\n<p>El Instituto Dominicano de Aviaci\u00f3n Civil (IDAC) inform\u00f3 que, al 26 de diciembre del presente a\u00f1o, el pa\u00eds alcanz\u00f3 un total de <strong data-start=\"366\" data-end=\"396\">213,765 operaciones a\u00e9reas<\/strong>, estableciendo un <strong data-start=\"415\" data-end=\"435\">r\u00e9cord hist\u00f3rico<\/strong> en el tr\u00e1nsito a\u00e9reo de la Rep\u00fablica Dominicana, en un contexto de marcado crecimiento del sector aeron\u00e1utico y tur\u00edstico.<\/p>\n<p data-start=\"560\" data-end=\"981\">El director general del IDAC, <strong data-start=\"590\" data-end=\"614\">Igor Rodr\u00edguez Dur\u00e1n<\/strong>, explic\u00f3 que este volumen de operaciones refleja el dinamismo de la aviaci\u00f3n nacional y la confianza de las aerol\u00edneas y operadores en el sistema de navegaci\u00f3n a\u00e9rea dominicano.<\/p>\n<p>\u00a0Las cifras incluyen vuelos <strong data-start=\"820\" data-end=\"865\">comerciales, privados, ch\u00e1rter y de carga<\/strong>, todos gestionados de manera segura y eficiente a trav\u00e9s de los distintos aeropuertos y del espacio a\u00e9reo nacional.<\/p>\n<p data-start=\"983\" data-end=\"1444\">Rodr\u00edguez Dur\u00e1n resalt\u00f3 de manera especial la <strong data-start=\"1029\" data-end=\"1081\">labor extraordinaria de los controladores a\u00e9reos<\/strong>, adscritos a la Direcci\u00f3n de Navegaci\u00f3n A\u00e9rea (DINA) del IDAC, quienes desempe\u00f1an un rol clave en la seguridad y fluidez del tr\u00e1nsito a\u00e9reo.<\/p>\n<p>\u00a0Destac\u00f3 que el personal t\u00e9cnico y operativo trabaja <strong data-start=\"1275\" data-end=\"1299\">las 24 horas del d\u00eda<\/strong>, demostrando altos niveles de compromiso, disciplina y profesionalismo para garantizar la seguridad de las aeronaves, pasajeros y tripulaciones.<\/p>\n<p data-start=\"1446\" data-end=\"1951\">El funcionario se\u00f1al\u00f3 que el incremento de operaciones se ha hecho m\u00e1s evidente durante la <strong data-start=\"1537\" data-end=\"1559\">temporada navide\u00f1a<\/strong>, per\u00edodo en el que tradicionalmente se registra un mayor flujo de vuelos por el retorno de dominicanos residentes en el exterior y la llegada de turistas.<\/p>\n<p>\u00a0Ante este escenario, el IDAC ha reforzado los <strong data-start=\"1761\" data-end=\"1800\">protocolos de seguridad operacional<\/strong>, la <strong data-start=\"1805\" data-end=\"1837\">supervisi\u00f3n t\u00e9cnica continua<\/strong> y la <strong data-start=\"1843\" data-end=\"1878\">coordinaci\u00f3n interinstitucional<\/strong> con otros organismos del sector aeroportuario y de seguridad del Estado.<\/p>\n<p data-start=\"1953\" data-end=\"2250\">Asimismo, indic\u00f3 que el sistema de navegaci\u00f3n a\u00e9rea del pa\u00eds opera bajo <strong data-start=\"2025\" data-end=\"2069\">los m\u00e1s altos est\u00e1ndares internacionales<\/strong>, cumpliendo con las normativas y recomendaciones de los organismos de aviaci\u00f3n civil, lo que permite manejar de forma eficiente el aumento del tr\u00e1fico sin comprometer la seguridad.<\/p>\n<p data-start=\"2252\" data-end=\"2666\" data-is-last-node=\"\" data-is-only-node=\"\">Finalmente, Rodr\u00edguez Dur\u00e1n reiter\u00f3 el compromiso del IDAC de <strong data-start=\"2314\" data-end=\"2367\">seguir fortaleciendo la aviaci\u00f3n civil dominicana<\/strong>, mediante la modernizaci\u00f3n de infraestructuras, la capacitaci\u00f3n constante del personal y la implementaci\u00f3n de tecnolog\u00edas que apoyen el crecimiento sostenido del sector a\u00e9reo y tur\u00edstico, garantizando un servicio <strong data-start=\"2581\" data-end=\"2614\">seguro, eficiente y confiable<\/strong> para todos los usuarios del espacio a\u00e9reo nacional.<\/p>\n<p>&nbsp;<\/p>\n","protected":false},"excerpt":{"rendered":"<p>Rafael Castro 29 de diciembre 2025 Santo Domingo.\u2013 El Instituto Dominicano de Aviaci\u00f3n Civil (IDAC)&#8230;<\/p>\n","protected":false},"author":3,"featured_media":2964,"comment_status":"open","ping_status":"open","sticky":false,"template":"","format":"standard","meta":{"footnotes":""},"categories":[5],"tags":[],"class_list":["post-2963","post","type-post","status-publish","format-standard","has-post-thumbnail","hentry","category-portada"],"_links":{"self":[{"href":"https:\/\/elviajero.com.do\/index.php\/wp-json\/wp\/v2\/posts\/2963","targetHints":{"allow":["GET"]}}],"collection":[{"href":"https:\/\/elviajero.com.do\/index.php\/wp-json\/wp\/v2\/posts"}],"about":[{"href":"https:\/\/elviajero.com.do\/index.php\/wp-json\/wp\/v2\/types\/post"}],"author":[{"embeddable":true,"href":"https:\/\/elviajero.com.do\/index.php\/wp-json\/wp\/v2\/users\/3"}],"replies":[{"embeddable":true,"href":"https:\/\/elviajero.com.do\/index.php\/wp-json\/wp\/v2\/comments?post=2963"}],"version-history":[{"count":1,"href":"https:\/\/elviajero.com.do\/index.php\/wp-json\/wp\/v2\/posts\/2963\/revisions"}],"predecessor-version":[{"id":2965,"href":"https:\/\/elviajero.com.do\/index.php\/wp-json\/wp\/v2\/posts\/2963\/revisions\/2965"}],"wp:featuredmedia":[{"embeddable":true,"href":"https:\/\/elviajero.com.do\/index.php\/wp-json\/wp\/v2\/media\/2964"}],"wp:attachment":[{"href":"https:\/\/elviajero.com.do\/index.php\/wp-json\/wp\/v2\/media?parent=2963"}],"wp:term":[{"taxonomy":"category","embeddable":true,"href":"https:\/\/elviajero.com.do\/index.php\/wp-json\/wp\/v2\/categories?post=2963"},{"taxonomy":"post_tag","embeddable":true,"href":"https:\/\/elviajero.com.do\/index.php\/wp-json\/wp\/v2\/tags?post=2963"}],"curies":[{"name":"wp","href":"https:\/\/api.w.org\/{rel}","templated":true}]}}