{"id":2989,"date":"2025-12-31T15:42:38","date_gmt":"2025-12-31T19:42:38","guid":{"rendered":"https:\/\/elviajero.com.do\/?p=2989"},"modified":"2025-12-31T15:42:38","modified_gmt":"2025-12-31T19:42:38","slug":"derechos-laborales-en-2026-entre-la-defensa-de-la-cesantia-y-la-responsabilidad-del-congreso","status":"publish","type":"post","link":"https:\/\/elviajero.com.do\/index.php\/2025\/12\/31\/derechos-laborales-en-2026-entre-la-defensa-de-la-cesantia-y-la-responsabilidad-del-congreso\/","title":{"rendered":"Derechos laborales en 2026: entre la defensa de la cesant\u00eda y la responsabilidad del Congreso"},"content":{"rendered":"<div class=\"msg-body P_wpofO mq_AS\" data-test-id=\"message-view-body-content\">\n<div class=\"jb_0 X_6MGW N_6Fd5\">\n<div>\n<div id=\"yiv1960469135\">\n<div dir=\"ltr\">\n<div class=\"yiv1960469135gmail_quote yiv1960469135gmail_quote_container\">\n<div dir=\"ltr\">\n<p>Por Edwin De La Cruz<\/p>\n<p>El cierre del a\u00f1o 2025 dej\u00f3 claro que la clase trabajadora dominicana no ha bajado la guardia. Lejos de la confrontaci\u00f3n est\u00e9ril, el movimiento sindical se ha mantenido vigilante frente a los intentos de sectores empresariales que buscan modificar conquistas laborales fundamentales, entre ellas la cesant\u00eda.<\/p>\n<p>En este escenario, es justo reconocer el esfuerzo del Gobierno dominicano por preservar este derecho hist\u00f3rico, as\u00ed como la actuaci\u00f3n responsable del Senado de la Rep\u00fablica, que aprob\u00f3 en sus lecturas correspondientes una reforma al C\u00f3digo de Trabajo respetando los derechos adquiridos de los trabajadores.<\/p>\n<p>La cesant\u00eda no es un obst\u00e1culo al desarrollo; es una garant\u00eda m\u00ednima de estabilidad y dignidad frente a la incertidumbre del despido.<\/p>\n<p>Las centrales sindicales han sido claras y coherentes: Jacobo Ramos, Gabriel del R\u00edo Do\u00f1\u00e9 y Rafael \u201cPepe\u201d Abreu han reiterado que no se oponen a la modernizaci\u00f3n del C\u00f3digo de Trabajo, pero s\u00ed a cualquier intento de retroceso disfrazado de reforma.<\/p>\n<p>Coinciden en que el consenso alcanzado es fruto del di\u00e1logo tripartito y que alterarlo romper\u00eda la confianza construida durante a\u00f1os. Por ello, el llamado a la C\u00e1mara de Diputados no es caprichoso: aprobar sin dilaciones ni maniobras un proyecto que preserve la cesant\u00eda y fortalezca los derechos laborales.<\/p>\n<p>El a\u00f1o 2026 debe marcar un antes y un despu\u00e9s en la consolidaci\u00f3n de una legislaci\u00f3n laboral justa, equilibrada y socialmente responsable.<\/p>\n<p>El pa\u00eds no puede permitirse una reforma que debilite la protecci\u00f3n del trabajo en nombre de una supuesta competitividad. El verdadero desarrollo se construye garantizando derechos, fortaleciendo la institucionalidad y promoviendo un crecimiento econ\u00f3mico que incluya a quienes producen la riqueza nacional. Defender la cesant\u00eda hoy es defender la paz social del ma\u00f1ana.<\/p>\n<p><b>Sobre el autor<\/b><\/p>\n<p>Edwin de la Cruz es periodista y abogado con una trayectoria dedicada a la comunicaci\u00f3n y la promoci\u00f3n de la justicia social. Su trabajo combina la cobertura informativa con un profundo compromiso con los derechos humanos y la defensa de la dignidad de las personas.<\/p>\n<p>A lo largo de su carrera, Edwin ha mostrado un alto inter\u00e9s en la lucha por los derechos laborales y en visibilizar las causas sociales que fortalecen la equidad y la protecci\u00f3n de los m\u00e1s vulnerables. Su enfoque period\u00edstico busca generar conciencia, fomentar el respeto y promover un di\u00e1logo \u00e9tico en torno a temas de relevancia social y humana.<\/p>\n<\/div>\n<\/div>\n<\/div>\n<\/div>\n<\/div>\n<\/div>\n<\/div>\n<div class=\"jb_0 X_6MGW N_6Fd5\">\n<div class=\"P_0 je_fq7\"><\/div>\n<\/div>\n<p>&nbsp;<\/p>\n","protected":false},"excerpt":{"rendered":"<p>Por Edwin De La Cruz El cierre del a\u00f1o 2025 dej\u00f3 claro que la clase&#8230;<\/p>\n","protected":false},"author":3,"featured_media":2990,"comment_status":"open","ping_status":"open","sticky":false,"template":"","format":"standard","meta":{"footnotes":""},"categories":[7],"tags":[],"class_list":["post-2989","post","type-post","status-publish","format-standard","has-post-thumbnail","hentry","category-opiniones"],"_links":{"self":[{"href":"https:\/\/elviajero.com.do\/index.php\/wp-json\/wp\/v2\/posts\/2989","targetHints":{"allow":["GET"]}}],"collection":[{"href":"https:\/\/elviajero.com.do\/index.php\/wp-json\/wp\/v2\/posts"}],"about":[{"href":"https:\/\/elviajero.com.do\/index.php\/wp-json\/wp\/v2\/types\/post"}],"author":[{"embeddable":true,"href":"https:\/\/elviajero.com.do\/index.php\/wp-json\/wp\/v2\/users\/3"}],"replies":[{"embeddable":true,"href":"https:\/\/elviajero.com.do\/index.php\/wp-json\/wp\/v2\/comments?post=2989"}],"version-history":[{"count":1,"href":"https:\/\/elviajero.com.do\/index.php\/wp-json\/wp\/v2\/posts\/2989\/revisions"}],"predecessor-version":[{"id":2991,"href":"https:\/\/elviajero.com.do\/index.php\/wp-json\/wp\/v2\/posts\/2989\/revisions\/2991"}],"wp:featuredmedia":[{"embeddable":true,"href":"https:\/\/elviajero.com.do\/index.php\/wp-json\/wp\/v2\/media\/2990"}],"wp:attachment":[{"href":"https:\/\/elviajero.com.do\/index.php\/wp-json\/wp\/v2\/media?parent=2989"}],"wp:term":[{"taxonomy":"category","embeddable":true,"href":"https:\/\/elviajero.com.do\/index.php\/wp-json\/wp\/v2\/categories?post=2989"},{"taxonomy":"post_tag","embeddable":true,"href":"https:\/\/elviajero.com.do\/index.php\/wp-json\/wp\/v2\/tags?post=2989"}],"curies":[{"name":"wp","href":"https:\/\/api.w.org\/{rel}","templated":true}]}}